{"id":46766,"date":"2025-07-09T12:09:58","date_gmt":"2025-07-09T15:09:58","guid":{"rendered":"https:\/\/www.obispado-mdp.org.ar\/a\/?p=46766"},"modified":"2025-07-09T12:10:16","modified_gmt":"2025-07-09T15:10:16","slug":"te-deum-por-el-209-aniversario-de-la-declaracion-de-la-independencia","status":"publish","type":"post","link":"https:\/\/www.obispado-mdp.org.ar\/a\/te-deum-por-el-209-aniversario-de-la-declaracion-de-la-independencia\/","title":{"rendered":"\u201cTe Deum por el 209 aniversario de la Declaraci\u00f3n de la Independencia\u201d"},"content":{"rendered":"\n<p>En ma\u00f1ana de este 9 de julio se celebr\u00f3 en la Iglesia Catedral el Te Deum para dar gracias a Dios por el 209 aniversario de la Declaraci\u00f3n de la Independencia. El mismo estuvo presidido por el vicario general, presb\u00edtero Hern\u00e1n David, y cont\u00f3 con la presencia de autoridades municipales, de las Fuerzas Armadas y de Seguridad, y representantes de diversas instituciones, adem\u00e1s de numerosos fieles y vecinos.<\/p>\n\n\n\n<p>En su mensaje, el padre Hern\u00e1n asever\u00f3 que \u201cno hay verdadera libertad mientras haya personas descartadas, pueblos empobrecidos y personas sin derechos\u201d y ehxort\u00f3 a \u201ctender puentes, y trabajar incansablemente por la promoci\u00f3n y la concreci\u00f3n de la tan necesaria amistad y di\u00e1logo social.\u201d<\/p>\n\n\n\n<p>Link al mensaje completo: <\/p>\n\n\n\n<p><a href=\"https:\/\/docs.google.com\/document\/d\/1Dja1U1sGDyUS15FnFYmsoUQ5Z_zcCuqu\/edit?usp=sharing&amp;ouid=107291774897470393922&amp;rtpof=true&amp;sd=true\">https:\/\/docs.google.com\/document\/d\/1Dja1U1sGDyUS15FnFYmsoUQ5Z_zcCuqu\/edit?usp=sharing&amp;ouid=107291774897470393922&amp;rtpof=true&amp;sd=true<\/a><\/p>\n\n\n\n<figure class=\"wp-block-image size-full is-resized\"><img loading=\"lazy\" src=\"https:\/\/www.obispado-mdp.org.ar\/a\/wp-content\/uploads\/2025\/07\/IMG_3723.jpg\" alt=\"\" class=\"wp-image-46767\" width=\"823\" height=\"617\"\/><\/figure>\n\n\n\n<figure class=\"wp-block-image size-full is-resized\"><img loading=\"lazy\" src=\"https:\/\/www.obispado-mdp.org.ar\/a\/wp-content\/uploads\/2025\/07\/IMG_3720.jpg\" alt=\"\" class=\"wp-image-46771\" width=\"819\" height=\"614\"\/><\/figure>\n\n\n\n<figure class=\"wp-block-image size-full is-resized\"><img loading=\"lazy\" src=\"https:\/\/www.obispado-mdp.org.ar\/a\/wp-content\/uploads\/2025\/07\/IMG_3717.jpg\" alt=\"\" class=\"wp-image-46768\" width=\"826\" height=\"620\"\/><\/figure>\n\n\n\n<figure class=\"wp-block-image size-full is-resized\"><img loading=\"lazy\" src=\"https:\/\/www.obispado-mdp.org.ar\/a\/wp-content\/uploads\/2025\/07\/IMG_3731.jpg\" alt=\"\" class=\"wp-image-46770\" width=\"816\" height=\"612\"\/><\/figure>\n","protected":false},"excerpt":{"rendered":"<p>En ma\u00f1ana de este 9 de julio se celebr\u00f3 en la Iglesia Catedral el Te Deum para dar gracias a Dios por el 209 aniversario de la Declaraci\u00f3n de la Independencia. El mismo estuvo presidido por el vicario general, presb\u00edtero Hern\u00e1n David, y cont\u00f3 con la presencia de autoridades municipales, de las Fuerzas Armadas y [&hellip;]<\/p>\n","protected":false},"author":4,"featured_media":0,"comment_status":"open","ping_status":"open","sticky":false,"template":"","format":"standard","meta":{"_et_pb_use_builder":"","_et_pb_old_content":"","_et_gb_content_width":""},"categories":[4],"tags":[],"aioseo_notices":[],"_links":{"self":[{"href":"https:\/\/www.obispado-mdp.org.ar\/a\/wp-json\/wp\/v2\/posts\/46766"}],"collection":[{"href":"https:\/\/www.obispado-mdp.org.ar\/a\/wp-json\/wp\/v2\/posts"}],"about":[{"href":"https:\/\/www.obispado-mdp.org.ar\/a\/wp-json\/wp\/v2\/types\/post"}],"author":[{"embeddable":true,"href":"https:\/\/www.obispado-mdp.org.ar\/a\/wp-json\/wp\/v2\/users\/4"}],"replies":[{"embeddable":true,"href":"https:\/\/www.obispado-mdp.org.ar\/a\/wp-json\/wp\/v2\/comments?post=46766"}],"version-history":[{"count":1,"href":"https:\/\/www.obispado-mdp.org.ar\/a\/wp-json\/wp\/v2\/posts\/46766\/revisions"}],"predecessor-version":[{"id":46772,"href":"https:\/\/www.obispado-mdp.org.ar\/a\/wp-json\/wp\/v2\/posts\/46766\/revisions\/46772"}],"wp:attachment":[{"href":"https:\/\/www.obispado-mdp.org.ar\/a\/wp-json\/wp\/v2\/media?parent=46766"}],"wp:term":[{"taxonomy":"category","embeddable":true,"href":"https:\/\/www.obispado-mdp.org.ar\/a\/wp-json\/wp\/v2\/categories?post=46766"},{"taxonomy":"post_tag","embeddable":true,"href":"https:\/\/www.obispado-mdp.org.ar\/a\/wp-json\/wp\/v2\/tags?post=46766"}],"curies":[{"name":"wp","href":"https:\/\/api.w.org\/{rel}","templated":true}]}}