{"id":46773,"date":"2025-07-11T09:00:00","date_gmt":"2025-07-11T12:00:00","guid":{"rendered":"https:\/\/www.obispado-mdp.org.ar\/a\/?p=46773"},"modified":"2025-07-10T20:34:15","modified_gmt":"2025-07-10T23:34:15","slug":"mons-ernesto-giobando-s-j-dio-a-conocer-el-nombramiento-del-equipo-coordinador-de-la-noche-de-la-caridad","status":"publish","type":"post","link":"https:\/\/www.obispado-mdp.org.ar\/a\/mons-ernesto-giobando-s-j-dio-a-conocer-el-nombramiento-del-equipo-coordinador-de-la-noche-de-la-caridad\/","title":{"rendered":"Mons. Ernesto Giobando s.j. di\u00f3 a conocer el nombramiento del Equipo coordinador de la Noche de la Caridad"},"content":{"rendered":"\n<p>En el d\u00eda de la fecha nuestro Obispo Diocesano, Mons. Ernesto Giobando s.j. ha dado a conocer el nombramiento del<br>EQUIPO COORDINADOR DE LA NOCHE DE LA CARIDAD por el t\u00e9rmino de tres a\u00f1os, conformada por:<\/p>\n\n\n\n<ul><li>Mar\u00eda P\u00eda Abasto, por Decanato 1<\/li><li>Ra\u00fal An\u00edbal Delgado, por Decanato 2<\/li><li>Vanesa Magdalena Acosta, por Decanato 3<\/li><li>Juan Arturo Fort\u00edn, por Decanato 7<\/li><li>Olga Liliana Paravizini<\/li><li>Asesor: Pbro. Daniel Climente<br><\/li><\/ul>\n\n\n\n<p><\/p>\n\n\n\n<p>Mar del Plata, 11 de julio de 2025.<br>Pbro. Lic. Ezequiel Eduardo Kseim Canciller<\/p>\n\n\n\n<p><\/p>\n\n\n\n<figure class=\"wp-block-image size-large\"><img loading=\"lazy\" width=\"1024\" height=\"768\" src=\"https:\/\/www.obispado-mdp.org.ar\/a\/wp-content\/uploads\/2025\/07\/Portadas-web-1024x768.png\" alt=\"\" class=\"wp-image-46777\"\/><\/figure>\n","protected":false},"excerpt":{"rendered":"<p>En el d\u00eda de la fecha nuestro Obispo Diocesano, Mons. Ernesto Giobando s.j. ha dado a conocer el nombramiento delEQUIPO COORDINADOR DE LA NOCHE DE LA CARIDAD por el t\u00e9rmino de tres a\u00f1os, conformada por: Mar\u00eda P\u00eda Abasto, por Decanato 1 Ra\u00fal An\u00edbal Delgado, por Decanato 2 Vanesa Magdalena Acosta, por Decanato 3 Juan Arturo [&hellip;]<\/p>\n","protected":false},"author":4,"featured_media":0,"comment_status":"open","ping_status":"open","sticky":false,"template":"","format":"standard","meta":{"_et_pb_use_builder":"","_et_pb_old_content":"","_et_gb_content_width":""},"categories":[4],"tags":[],"aioseo_notices":[],"_links":{"self":[{"href":"https:\/\/www.obispado-mdp.org.ar\/a\/wp-json\/wp\/v2\/posts\/46773"}],"collection":[{"href":"https:\/\/www.obispado-mdp.org.ar\/a\/wp-json\/wp\/v2\/posts"}],"about":[{"href":"https:\/\/www.obispado-mdp.org.ar\/a\/wp-json\/wp\/v2\/types\/post"}],"author":[{"embeddable":true,"href":"https:\/\/www.obispado-mdp.org.ar\/a\/wp-json\/wp\/v2\/users\/4"}],"replies":[{"embeddable":true,"href":"https:\/\/www.obispado-mdp.org.ar\/a\/wp-json\/wp\/v2\/comments?post=46773"}],"version-history":[{"count":3,"href":"https:\/\/www.obispado-mdp.org.ar\/a\/wp-json\/wp\/v2\/posts\/46773\/revisions"}],"predecessor-version":[{"id":46778,"href":"https:\/\/www.obispado-mdp.org.ar\/a\/wp-json\/wp\/v2\/posts\/46773\/revisions\/46778"}],"wp:attachment":[{"href":"https:\/\/www.obispado-mdp.org.ar\/a\/wp-json\/wp\/v2\/media?parent=46773"}],"wp:term":[{"taxonomy":"category","embeddable":true,"href":"https:\/\/www.obispado-mdp.org.ar\/a\/wp-json\/wp\/v2\/categories?post=46773"},{"taxonomy":"post_tag","embeddable":true,"href":"https:\/\/www.obispado-mdp.org.ar\/a\/wp-json\/wp\/v2\/tags?post=46773"}],"curies":[{"name":"wp","href":"https:\/\/api.w.org\/{rel}","templated":true}]}}