{"id":46779,"date":"2025-07-11T10:06:00","date_gmt":"2025-07-11T13:06:00","guid":{"rendered":"https:\/\/www.obispado-mdp.org.ar\/a\/?p=46779"},"modified":"2025-07-14T10:08:32","modified_gmt":"2025-07-14T13:08:32","slug":"estacion-chapadmalal-el-obispo-presidio-la-fiesta-patronal-de-la-capilla-san-benito","status":"publish","type":"post","link":"https:\/\/www.obispado-mdp.org.ar\/a\/estacion-chapadmalal-el-obispo-presidio-la-fiesta-patronal-de-la-capilla-san-benito\/","title":{"rendered":"Estaci\u00f3n Chapadmalal: El Obispo presidi\u00f3 la Fiesta Patronal de la Capilla San Benito"},"content":{"rendered":"\n<p>Gran alegr\u00eda se vivi\u00f3 este viernes 11 en la Capilla San Benito, de Estaci\u00f3n Chapadmalal, en torno a su fiesta patronal. La misma estuvo presidida por el obispo diocesano, monse\u00f1or Ernesto Giobando sj. y cont\u00f3 con gran participaci\u00f3n por parte de miembros de la comunidad y de devotos del Santo.<\/p>\n\n\n\n<p>La actividad comenz\u00f3 con la procesi\u00f3n que recorri\u00f3 algunas zonas aleda\u00f1as a la capilla y sigui\u00f3 con la celebraci\u00f3n de la Santa Misa. El Obispo destac\u00f3 algunos aspectos de la vida de quien es considerado el padre de la vida mon\u00e1stica de occidente y anim\u00f3 a los fieles a vivir su esp\u00edritu de oraci\u00f3n y de servicio.<\/p>\n\n\n\n<figure class=\"wp-block-image size-large\"><img loading=\"lazy\" width=\"1024\" height=\"768\" src=\"https:\/\/www.obispado-mdp.org.ar\/a\/wp-content\/uploads\/2025\/07\/Portadas-web-1-1024x768.png\" alt=\"\" class=\"wp-image-46780\"\/><\/figure>\n\n\n\n<figure class=\"wp-block-image size-large\"><img loading=\"lazy\" width=\"1024\" height=\"768\" src=\"https:\/\/www.obispado-mdp.org.ar\/a\/wp-content\/uploads\/2025\/07\/Portadas-web-2-1024x768.png\" alt=\"\" class=\"wp-image-46781\"\/><\/figure>\n\n\n\n<figure class=\"wp-block-image size-large\"><img loading=\"lazy\" width=\"1024\" height=\"768\" src=\"https:\/\/www.obispado-mdp.org.ar\/a\/wp-content\/uploads\/2025\/07\/Portadas-web-8-1-1024x768.png\" alt=\"\" class=\"wp-image-46786\"\/><\/figure>\n\n\n\n<figure class=\"wp-block-image size-large\"><img loading=\"lazy\" width=\"1024\" height=\"768\" src=\"https:\/\/www.obispado-mdp.org.ar\/a\/wp-content\/uploads\/2025\/07\/Portadas-web-7-2-1024x768.png\" alt=\"\" class=\"wp-image-46785\"\/><\/figure>\n\n\n\n<figure class=\"wp-block-image size-large\"><img loading=\"lazy\" width=\"1024\" height=\"768\" src=\"https:\/\/www.obispado-mdp.org.ar\/a\/wp-content\/uploads\/2025\/07\/Portadas-web-4-1024x768.png\" alt=\"\" class=\"wp-image-46782\"\/><\/figure>\n\n\n\n<figure class=\"wp-block-image size-large\"><img loading=\"lazy\" width=\"1024\" height=\"768\" src=\"https:\/\/www.obispado-mdp.org.ar\/a\/wp-content\/uploads\/2025\/07\/Portadas-web-5-1024x768.png\" alt=\"\" class=\"wp-image-46784\"\/><\/figure>\n","protected":false},"excerpt":{"rendered":"<p>Gran alegr\u00eda se vivi\u00f3 este viernes 11 en la Capilla San Benito, de Estaci\u00f3n Chapadmalal, en torno a su fiesta patronal. La misma estuvo presidida por el obispo diocesano, monse\u00f1or Ernesto Giobando sj. y cont\u00f3 con gran participaci\u00f3n por parte de miembros de la comunidad y de devotos del Santo. La actividad comenz\u00f3 con la [&hellip;]<\/p>\n","protected":false},"author":4,"featured_media":0,"comment_status":"open","ping_status":"open","sticky":false,"template":"","format":"standard","meta":{"_et_pb_use_builder":"","_et_pb_old_content":"","_et_gb_content_width":""},"categories":[4],"tags":[],"aioseo_notices":[],"_links":{"self":[{"href":"https:\/\/www.obispado-mdp.org.ar\/a\/wp-json\/wp\/v2\/posts\/46779"}],"collection":[{"href":"https:\/\/www.obispado-mdp.org.ar\/a\/wp-json\/wp\/v2\/posts"}],"about":[{"href":"https:\/\/www.obispado-mdp.org.ar\/a\/wp-json\/wp\/v2\/types\/post"}],"author":[{"embeddable":true,"href":"https:\/\/www.obispado-mdp.org.ar\/a\/wp-json\/wp\/v2\/users\/4"}],"replies":[{"embeddable":true,"href":"https:\/\/www.obispado-mdp.org.ar\/a\/wp-json\/wp\/v2\/comments?post=46779"}],"version-history":[{"count":2,"href":"https:\/\/www.obispado-mdp.org.ar\/a\/wp-json\/wp\/v2\/posts\/46779\/revisions"}],"predecessor-version":[{"id":46812,"href":"https:\/\/www.obispado-mdp.org.ar\/a\/wp-json\/wp\/v2\/posts\/46779\/revisions\/46812"}],"wp:attachment":[{"href":"https:\/\/www.obispado-mdp.org.ar\/a\/wp-json\/wp\/v2\/media?parent=46779"}],"wp:term":[{"taxonomy":"category","embeddable":true,"href":"https:\/\/www.obispado-mdp.org.ar\/a\/wp-json\/wp\/v2\/categories?post=46779"},{"taxonomy":"post_tag","embeddable":true,"href":"https:\/\/www.obispado-mdp.org.ar\/a\/wp-json\/wp\/v2\/tags?post=46779"}],"curies":[{"name":"wp","href":"https:\/\/api.w.org\/{rel}","templated":true}]}}