{"id":46788,"date":"2025-07-11T10:07:00","date_gmt":"2025-07-11T13:07:00","guid":{"rendered":"https:\/\/www.obispado-mdp.org.ar\/a\/?p=46788"},"modified":"2025-07-14T10:13:34","modified_gmt":"2025-07-14T13:13:34","slug":"monsenor-giobando-participo-de-un-encuentro-ecumenico","status":"publish","type":"post","link":"https:\/\/www.obispado-mdp.org.ar\/a\/monsenor-giobando-participo-de-un-encuentro-ecumenico\/","title":{"rendered":"Monse\u00f1or Giobando particip\u00f3 de un encuentro ecum\u00e9nico\u00a0"},"content":{"rendered":"\n<p>En el marco de la Semana de Oraci\u00f3n por la Unidad de los Cristianos, se llev\u00f3 adelante el viernes 11 de julio en la Iglesia Metodista el tradicional encuentro que re\u00fane a las confesiones cristianas de la ciudad de Mar del Plata para compartir un momento de fraternidad y oraci\u00f3n. El obispo diocesano, monse\u00f1or Ernesto Giobando sj. se hizo presente y comparti\u00f3 la jornada junto a los representantes de la Iglesia Luterana, la Iglesia Metodista Argentina, el Movimiento Cristiano y Misionero y la comunidad cristiana Vida Abundante.<\/p>\n\n\n\n<p>El lema de este a\u00f1o es \u201cCristo resucit\u00f3 y nosotros somos testigos. \u00bfCrees esto?\u201d, que sirvi\u00f3 como tema para las reflexiones y las plegarias de los representantes de las Iglesias. Asimismo se record\u00f3 el Concilio de Nicea, en el a\u00f1o en el que se cumplen los 1700 a\u00f1os de su realizaci\u00f3n.<\/p>\n\n\n\n<p>Por parte de la di\u00f3cesis de Mar del Plata tambi\u00e9n la Comisi\u00f3n de Di\u00e1logo Ecum\u00e9nico e Interreligioso tuvo una activa participaci\u00f3n, marcando as\u00ed el camino de encuentro y respeto que pedimos al Se\u00f1or que podamos vivir en nuestra sociedad.<\/p>\n\n\n\n<figure class=\"wp-block-image size-large\"><img loading=\"lazy\" width=\"1024\" height=\"768\" src=\"https:\/\/www.obispado-mdp.org.ar\/a\/wp-content\/uploads\/2025\/07\/Portadas-web-12-1024x768.png\" alt=\"\" class=\"wp-image-46814\"\/><\/figure>\n\n\n\n<figure class=\"wp-block-image size-large is-resized\"><img loading=\"lazy\" src=\"https:\/\/www.obispado-mdp.org.ar\/a\/wp-content\/uploads\/2025\/07\/PHOTO-2025-07-12-14-21-38-768x1024.jpg\" alt=\"\" class=\"wp-image-46791\" width=\"815\" height=\"1087\"\/><\/figure>\n\n\n\n<figure class=\"wp-block-image size-large is-resized\"><img loading=\"lazy\" src=\"https:\/\/www.obispado-mdp.org.ar\/a\/wp-content\/uploads\/2025\/07\/PHOTO-2025-07-12-14-21-36_2-768x1024.jpg\" alt=\"\" class=\"wp-image-46793\" width=\"820\" height=\"1093\"\/><\/figure>\n\n\n\n<figure class=\"wp-block-image size-large is-resized\"><img loading=\"lazy\" src=\"https:\/\/www.obispado-mdp.org.ar\/a\/wp-content\/uploads\/2025\/07\/PHOTO-2025-07-12-14-21-36_3-768x1024.jpg\" alt=\"\" class=\"wp-image-46794\" width=\"812\" height=\"1083\"\/><\/figure>\n\n\n\n<figure class=\"wp-block-image size-large is-resized\"><img loading=\"lazy\" src=\"https:\/\/www.obispado-mdp.org.ar\/a\/wp-content\/uploads\/2025\/07\/PHOTO-2025-07-12-14-21-37_1-768x1024.jpg\" alt=\"\" class=\"wp-image-46789\" width=\"819\" height=\"1092\"\/><\/figure>\n\n\n\n<figure class=\"wp-block-image size-large is-resized\"><img loading=\"lazy\" src=\"https:\/\/www.obispado-mdp.org.ar\/a\/wp-content\/uploads\/2025\/07\/PHOTO-2025-07-12-14-21-38_1-768x1024.jpg\" alt=\"\" class=\"wp-image-46792\" width=\"812\" height=\"1083\"\/><\/figure>\n\n\n\n<figure class=\"wp-block-image size-large is-resized\"><img loading=\"lazy\" src=\"https:\/\/www.obispado-mdp.org.ar\/a\/wp-content\/uploads\/2025\/07\/PHOTO-2025-07-12-14-21-37-768x1024.jpg\" alt=\"\" class=\"wp-image-46795\" width=\"808\" height=\"1077\"\/><\/figure>\n\n\n\n<figure class=\"wp-block-image\"><img alt=\"\"\/><\/figure>\n","protected":false},"excerpt":{"rendered":"<p>En el marco de la Semana de Oraci\u00f3n por la Unidad de los Cristianos, se llev\u00f3 adelante el viernes 11 de julio en la Iglesia Metodista el tradicional encuentro que re\u00fane a las confesiones cristianas de la ciudad de Mar del Plata para compartir un momento de fraternidad y oraci\u00f3n. El obispo diocesano, monse\u00f1or Ernesto [&hellip;]<\/p>\n","protected":false},"author":4,"featured_media":0,"comment_status":"open","ping_status":"open","sticky":false,"template":"","format":"standard","meta":{"_et_pb_use_builder":"","_et_pb_old_content":"","_et_gb_content_width":""},"categories":[4],"tags":[],"aioseo_notices":[],"_links":{"self":[{"href":"https:\/\/www.obispado-mdp.org.ar\/a\/wp-json\/wp\/v2\/posts\/46788"}],"collection":[{"href":"https:\/\/www.obispado-mdp.org.ar\/a\/wp-json\/wp\/v2\/posts"}],"about":[{"href":"https:\/\/www.obispado-mdp.org.ar\/a\/wp-json\/wp\/v2\/types\/post"}],"author":[{"embeddable":true,"href":"https:\/\/www.obispado-mdp.org.ar\/a\/wp-json\/wp\/v2\/users\/4"}],"replies":[{"embeddable":true,"href":"https:\/\/www.obispado-mdp.org.ar\/a\/wp-json\/wp\/v2\/comments?post=46788"}],"version-history":[{"count":3,"href":"https:\/\/www.obispado-mdp.org.ar\/a\/wp-json\/wp\/v2\/posts\/46788\/revisions"}],"predecessor-version":[{"id":46816,"href":"https:\/\/www.obispado-mdp.org.ar\/a\/wp-json\/wp\/v2\/posts\/46788\/revisions\/46816"}],"wp:attachment":[{"href":"https:\/\/www.obispado-mdp.org.ar\/a\/wp-json\/wp\/v2\/media?parent=46788"}],"wp:term":[{"taxonomy":"category","embeddable":true,"href":"https:\/\/www.obispado-mdp.org.ar\/a\/wp-json\/wp\/v2\/categories?post=46788"},{"taxonomy":"post_tag","embeddable":true,"href":"https:\/\/www.obispado-mdp.org.ar\/a\/wp-json\/wp\/v2\/tags?post=46788"}],"curies":[{"name":"wp","href":"https:\/\/api.w.org\/{rel}","templated":true}]}}