{"id":46797,"date":"2025-07-12T10:17:00","date_gmt":"2025-07-12T13:17:00","guid":{"rendered":"https:\/\/www.obispado-mdp.org.ar\/a\/?p=46797"},"modified":"2025-07-14T10:19:42","modified_gmt":"2025-07-14T13:19:42","slug":"visita-del-obispo-y-fiesta-patronal-en-la-comunidad-de-santa-paula","status":"publish","type":"post","link":"https:\/\/www.obispado-mdp.org.ar\/a\/visita-del-obispo-y-fiesta-patronal-en-la-comunidad-de-santa-paula\/","title":{"rendered":"Visita del Obispo y Fiesta Patronal en la comunidad de Santa Paula"},"content":{"rendered":"\n<p>Una colorida celebraci\u00f3n se vivi\u00f3 este s\u00e1bado 12 en la capilla Santa Paula, ubicada en el kil\u00f3metro 10,5 de la ruta 226, de la Parroquia Nuestra Se\u00f1ora del Pilar de Sierra de los Padres, donde se venera la imagen de Nuestra Se\u00f1ora del Carmen, cuya fiesta se celebra el 16 de julio.<\/p>\n\n\n\n<p>La fiesta comenz\u00f3 al mediod\u00eda con una procesi\u00f3n que presidi\u00f3 monse\u00f1or Giobando y que recorri\u00f3 varias calles del barrio llevando a numerosos vecinos que se sal\u00edan de sus casas la bendici\u00f3n y la visita de la comunidad y de la imagen de la Virgen. Seguidamente tuvo lugar un prolongado almuerzo en el que el Obispo comparti\u00f3 con la comunidad, marcada fuertemente por la colectividad boliviana.&nbsp;<\/p>\n\n\n\n<p>A las 16.30 se celebr\u00f3 la Santa Misa en la que el Obispo confiri\u00f3 el sacramento de la Confirmaci\u00f3n a algunos j\u00f3venes de la comunidad.<\/p>\n\n\n\n<figure class=\"wp-block-image size-large\"><img loading=\"lazy\" width=\"1024\" height=\"768\" src=\"https:\/\/www.obispado-mdp.org.ar\/a\/wp-content\/uploads\/2025\/07\/Portadas-web-13-1024x768.png\" alt=\"\" class=\"wp-image-46819\"\/><\/figure>\n\n\n\n<figure class=\"wp-block-image size-large is-resized\"><img loading=\"lazy\" src=\"https:\/\/www.obispado-mdp.org.ar\/a\/wp-content\/uploads\/2025\/07\/PHOTO-2025-07-12-19-55-58_2-768x1024.jpg\" alt=\"\" class=\"wp-image-46801\" width=\"818\" height=\"1091\"\/><\/figure>\n\n\n\n<figure class=\"wp-block-image size-full is-resized\"><img loading=\"lazy\" src=\"https:\/\/www.obispado-mdp.org.ar\/a\/wp-content\/uploads\/2025\/07\/PHOTO-2025-07-12-19-55-57.jpg\" alt=\"\" class=\"wp-image-46802\" width=\"814\" height=\"373\"\/><\/figure>\n","protected":false},"excerpt":{"rendered":"<p>Una colorida celebraci\u00f3n se vivi\u00f3 este s\u00e1bado 12 en la capilla Santa Paula, ubicada en el kil\u00f3metro 10,5 de la ruta 226, de la Parroquia Nuestra Se\u00f1ora del Pilar de Sierra de los Padres, donde se venera la imagen de Nuestra Se\u00f1ora del Carmen, cuya fiesta se celebra el 16 de julio. La fiesta comenz\u00f3 [&hellip;]<\/p>\n","protected":false},"author":4,"featured_media":0,"comment_status":"open","ping_status":"open","sticky":false,"template":"","format":"standard","meta":{"_et_pb_use_builder":"","_et_pb_old_content":"","_et_gb_content_width":""},"categories":[4],"tags":[],"aioseo_notices":[],"_links":{"self":[{"href":"https:\/\/www.obispado-mdp.org.ar\/a\/wp-json\/wp\/v2\/posts\/46797"}],"collection":[{"href":"https:\/\/www.obispado-mdp.org.ar\/a\/wp-json\/wp\/v2\/posts"}],"about":[{"href":"https:\/\/www.obispado-mdp.org.ar\/a\/wp-json\/wp\/v2\/types\/post"}],"author":[{"embeddable":true,"href":"https:\/\/www.obispado-mdp.org.ar\/a\/wp-json\/wp\/v2\/users\/4"}],"replies":[{"embeddable":true,"href":"https:\/\/www.obispado-mdp.org.ar\/a\/wp-json\/wp\/v2\/comments?post=46797"}],"version-history":[{"count":3,"href":"https:\/\/www.obispado-mdp.org.ar\/a\/wp-json\/wp\/v2\/posts\/46797\/revisions"}],"predecessor-version":[{"id":46821,"href":"https:\/\/www.obispado-mdp.org.ar\/a\/wp-json\/wp\/v2\/posts\/46797\/revisions\/46821"}],"wp:attachment":[{"href":"https:\/\/www.obispado-mdp.org.ar\/a\/wp-json\/wp\/v2\/media?parent=46797"}],"wp:term":[{"taxonomy":"category","embeddable":true,"href":"https:\/\/www.obispado-mdp.org.ar\/a\/wp-json\/wp\/v2\/categories?post=46797"},{"taxonomy":"post_tag","embeddable":true,"href":"https:\/\/www.obispado-mdp.org.ar\/a\/wp-json\/wp\/v2\/tags?post=46797"}],"curies":[{"name":"wp","href":"https:\/\/api.w.org\/{rel}","templated":true}]}}