{"id":46804,"date":"2025-07-13T10:22:00","date_gmt":"2025-07-13T13:22:00","guid":{"rendered":"https:\/\/www.obispado-mdp.org.ar\/a\/?p=46804"},"modified":"2025-07-14T10:24:04","modified_gmt":"2025-07-14T13:24:04","slug":"fiesta-en-honor-a-ntra-sra-de-itati-en-la-parroquia-del-puerto","status":"publish","type":"post","link":"https:\/\/www.obispado-mdp.org.ar\/a\/fiesta-en-honor-a-ntra-sra-de-itati-en-la-parroquia-del-puerto\/","title":{"rendered":"Fiesta en honor a Ntra. Sra. de Itat\u00ed en la Parroquia del Puerto"},"content":{"rendered":"\n<p>La Parroquia Sagrada Familia y San Luis Orione fue el escenario de los festejos en honor de Nuestra Se\u00f1ora de Itat\u00ed, cuya imagen se venera en ese templo parroquial. Los mismos tuvieron lugar el domingo 13 y contaron con la presencia del obispo, monse\u00f1or Ernesto Giobando sj. quien presidi\u00f3 la Eucarist\u00eda, concelebrada por el cura p\u00e1rroco, presb\u00edtero Miguel Cacciutto.<\/p>\n\n\n\n<p>En primer t\u00e9rmino se desarroll\u00f3 la procesi\u00f3n que se dirigi\u00f3 hacia la sede de la Prefectura Naval Argentina, donde las autoridades y sus familias recibieron con gran j\u00fabilo la visita de la imagen de la Virgen. All\u00ed el Obispo ofreci\u00f3 junto al Jefe de la Prefectura una ofrenda floral en la ermita de la Virgen de Itat\u00ed.<\/p>\n\n\n\n<p>Por su parte la banda de m\u00fasica de la Base Naval y los grupos folkl\u00f3ricos que bailaron el Peric\u00f3n Nacional ofrecieron m\u00fasica a la jornada y homenajearon de ese modo a la \u201cVirgen Guaran\u00ed\u201d.<\/p>\n\n\n\n<figure class=\"wp-block-image size-large\"><img loading=\"lazy\" width=\"1024\" height=\"768\" src=\"https:\/\/www.obispado-mdp.org.ar\/a\/wp-content\/uploads\/2025\/07\/Portadas-web-11-1024x768.png\" alt=\"\" class=\"wp-image-46807\"\/><\/figure>\n\n\n\n<figure class=\"wp-block-image size-large is-resized\"><img loading=\"lazy\" src=\"https:\/\/www.obispado-mdp.org.ar\/a\/wp-content\/uploads\/2025\/07\/PHOTO-2025-07-13-21-53-30_1-768x1024.jpg\" alt=\"\" class=\"wp-image-46805\" width=\"812\" height=\"1083\"\/><\/figure>\n\n\n\n<figure class=\"wp-block-image size-large\"><img loading=\"lazy\" width=\"1024\" height=\"460\" src=\"https:\/\/www.obispado-mdp.org.ar\/a\/wp-content\/uploads\/2025\/07\/PHOTO-2025-07-13-21-52-56-1024x460.jpg\" alt=\"\" class=\"wp-image-46806\"\/><\/figure>\n\n\n\n<figure class=\"wp-block-image size-large\"><img loading=\"lazy\" width=\"1024\" height=\"576\" src=\"https:\/\/www.obispado-mdp.org.ar\/a\/wp-content\/uploads\/2025\/07\/PHOTO-2025-07-13-21-53-30-1024x576.jpg\" alt=\"\" class=\"wp-image-46808\"\/><\/figure>\n\n\n\n<figure class=\"wp-block-image size-large is-resized\"><img loading=\"lazy\" src=\"https:\/\/www.obispado-mdp.org.ar\/a\/wp-content\/uploads\/2025\/07\/PHOTO-2025-07-13-21-52-55-576x1024.jpg\" alt=\"\" class=\"wp-image-46809\" width=\"818\" height=\"1454\"\/><\/figure>\n\n\n\n<figure class=\"wp-block-image size-large\"><img loading=\"lazy\" width=\"1024\" height=\"461\" src=\"https:\/\/www.obispado-mdp.org.ar\/a\/wp-content\/uploads\/2025\/07\/PHOTO-2025-07-13-21-52-55_1-1024x461.jpg\" alt=\"\" class=\"wp-image-46810\"\/><\/figure>\n","protected":false},"excerpt":{"rendered":"<p>La Parroquia Sagrada Familia y San Luis Orione fue el escenario de los festejos en honor de Nuestra Se\u00f1ora de Itat\u00ed, cuya imagen se venera en ese templo parroquial. Los mismos tuvieron lugar el domingo 13 y contaron con la presencia del obispo, monse\u00f1or Ernesto Giobando sj. quien presidi\u00f3 la Eucarist\u00eda, concelebrada por el cura [&hellip;]<\/p>\n","protected":false},"author":4,"featured_media":0,"comment_status":"open","ping_status":"open","sticky":false,"template":"","format":"standard","meta":{"_et_pb_use_builder":"","_et_pb_old_content":"","_et_gb_content_width":""},"categories":[4],"tags":[],"aioseo_notices":[],"_links":{"self":[{"href":"https:\/\/www.obispado-mdp.org.ar\/a\/wp-json\/wp\/v2\/posts\/46804"}],"collection":[{"href":"https:\/\/www.obispado-mdp.org.ar\/a\/wp-json\/wp\/v2\/posts"}],"about":[{"href":"https:\/\/www.obispado-mdp.org.ar\/a\/wp-json\/wp\/v2\/types\/post"}],"author":[{"embeddable":true,"href":"https:\/\/www.obispado-mdp.org.ar\/a\/wp-json\/wp\/v2\/users\/4"}],"replies":[{"embeddable":true,"href":"https:\/\/www.obispado-mdp.org.ar\/a\/wp-json\/wp\/v2\/comments?post=46804"}],"version-history":[{"count":2,"href":"https:\/\/www.obispado-mdp.org.ar\/a\/wp-json\/wp\/v2\/posts\/46804\/revisions"}],"predecessor-version":[{"id":46822,"href":"https:\/\/www.obispado-mdp.org.ar\/a\/wp-json\/wp\/v2\/posts\/46804\/revisions\/46822"}],"wp:attachment":[{"href":"https:\/\/www.obispado-mdp.org.ar\/a\/wp-json\/wp\/v2\/media?parent=46804"}],"wp:term":[{"taxonomy":"category","embeddable":true,"href":"https:\/\/www.obispado-mdp.org.ar\/a\/wp-json\/wp\/v2\/categories?post=46804"},{"taxonomy":"post_tag","embeddable":true,"href":"https:\/\/www.obispado-mdp.org.ar\/a\/wp-json\/wp\/v2\/tags?post=46804"}],"curies":[{"name":"wp","href":"https:\/\/api.w.org\/{rel}","templated":true}]}}