{"id":46823,"date":"2025-07-15T08:56:42","date_gmt":"2025-07-15T11:56:42","guid":{"rendered":"https:\/\/www.obispado-mdp.org.ar\/a\/?p=46823"},"modified":"2025-07-15T08:56:43","modified_gmt":"2025-07-15T11:56:43","slug":"la-iglesia-llevara-a-cabo-la-primera-semana-social-diocesana-en-mar-del-plata","status":"publish","type":"post","link":"https:\/\/www.obispado-mdp.org.ar\/a\/la-iglesia-llevara-a-cabo-la-primera-semana-social-diocesana-en-mar-del-plata\/","title":{"rendered":"La Iglesia llevar\u00e1 a cabo la primera Semana Social Diocesana en Mar del Plata"},"content":{"rendered":"\n<p>Tras varias d\u00e9cadas de ser la ciudad anfitriona de la Semana Social nacional, Mar del Plata se prepara para la primera \u201cSemana Social Diocesana\u201d, organizada por el flamante Secretariado de Pastoral Social que recientemente design\u00f3 el obispo, monse\u00f1or Ernesto Giobando sj.<\/p>\n\n\n\n<p>La misma tendr\u00e1 lugar en el Hotel 13 de Julio los d\u00edas 5 y 6 de agosto, es decir d\u00edas antes de la Semana Social que la Comisi\u00f3n Episcopal de Pastoral Social de la Conferencia Episcopal Argentina llevar\u00e1 adelante en nuestra ciudad.<\/p>\n\n\n\n<p>Seg\u00fan explicaron desde el Obispado, \u201cse trata de ofrecer un espacio de reflexi\u00f3n y de encuentro desde lo local como antesala del gran encuentro que es la ya tradicional Semana Social.\u201d<\/p>\n\n\n\n<p>Bajo el lema \u201cEl legado de Francisco\u201d<strong>,<\/strong> la actividad se propone ser \u201cun espacio de reflexi\u00f3n, de di\u00e1logo y de generaci\u00f3n propuestas concretas desde el Evangelio y la Doctrina Social de la Iglesia, abordando tem\u00e1ticas como el ambiente, el trabajo, la amistad social y el desarrollo humano integral\u201d, detallaron.<\/p>\n\n\n\n<p>Se prev\u00e9 que el acto inaugural se lleve a cabo el martes 5 de agosto a las 8.30 horas a cargo del propio monse\u00f1or Giobando, quien disertar\u00e1 sobre las enc\u00edclicas del Papa Francisco \u201cLaudato Si\u201d, \u201cFratelli Tutti\u201d y \u201cDilexit Nos\u201d, mientras que se espera tambi\u00e9n la participaci\u00f3n de intendentes, legisladores, y referentes sociales y sindicales de los distritos que conforman la di\u00f3cesis de Mar del Plata en los distintos paneles que se presentar\u00e1n.<\/p>\n\n\n\n<p>Por su parte las escuelas cat\u00f3licas tendr\u00e1n tambi\u00e9n un lugar especial en la edici\u00f3n local de la Semana Social Diocesana, lo que \u2013anticiparon- \u201cser\u00e1 un espacio de participaci\u00f3n de los estudiantes y de encuentro con los dirigentes pol\u00edticos y sociales, a la luz de la ense\u00f1anza social de la Iglesia.\u201d<\/p>\n\n\n\n<figure class=\"wp-block-image size-large\"><img loading=\"lazy\" width=\"1024\" height=\"768\" src=\"https:\/\/www.obispado-mdp.org.ar\/a\/wp-content\/uploads\/2025\/07\/Portadas-web-11-1-1024x768.png\" alt=\"\" class=\"wp-image-46824\"\/><\/figure>\n","protected":false},"excerpt":{"rendered":"<p>Tras varias d\u00e9cadas de ser la ciudad anfitriona de la Semana Social nacional, Mar del Plata se prepara para la primera \u201cSemana Social Diocesana\u201d, organizada por el flamante Secretariado de Pastoral Social que recientemente design\u00f3 el obispo, monse\u00f1or Ernesto Giobando sj. La misma tendr\u00e1 lugar en el Hotel 13 de Julio los d\u00edas 5 y [&hellip;]<\/p>\n","protected":false},"author":4,"featured_media":0,"comment_status":"open","ping_status":"open","sticky":false,"template":"","format":"standard","meta":{"_et_pb_use_builder":"","_et_pb_old_content":"","_et_gb_content_width":""},"categories":[4],"tags":[],"aioseo_notices":[],"_links":{"self":[{"href":"https:\/\/www.obispado-mdp.org.ar\/a\/wp-json\/wp\/v2\/posts\/46823"}],"collection":[{"href":"https:\/\/www.obispado-mdp.org.ar\/a\/wp-json\/wp\/v2\/posts"}],"about":[{"href":"https:\/\/www.obispado-mdp.org.ar\/a\/wp-json\/wp\/v2\/types\/post"}],"author":[{"embeddable":true,"href":"https:\/\/www.obispado-mdp.org.ar\/a\/wp-json\/wp\/v2\/users\/4"}],"replies":[{"embeddable":true,"href":"https:\/\/www.obispado-mdp.org.ar\/a\/wp-json\/wp\/v2\/comments?post=46823"}],"version-history":[{"count":1,"href":"https:\/\/www.obispado-mdp.org.ar\/a\/wp-json\/wp\/v2\/posts\/46823\/revisions"}],"predecessor-version":[{"id":46825,"href":"https:\/\/www.obispado-mdp.org.ar\/a\/wp-json\/wp\/v2\/posts\/46823\/revisions\/46825"}],"wp:attachment":[{"href":"https:\/\/www.obispado-mdp.org.ar\/a\/wp-json\/wp\/v2\/media?parent=46823"}],"wp:term":[{"taxonomy":"category","embeddable":true,"href":"https:\/\/www.obispado-mdp.org.ar\/a\/wp-json\/wp\/v2\/categories?post=46823"},{"taxonomy":"post_tag","embeddable":true,"href":"https:\/\/www.obispado-mdp.org.ar\/a\/wp-json\/wp\/v2\/tags?post=46823"}],"curies":[{"name":"wp","href":"https:\/\/api.w.org\/{rel}","templated":true}]}}