{"id":46827,"date":"2025-07-17T11:13:15","date_gmt":"2025-07-17T14:13:15","guid":{"rendered":"https:\/\/www.obispado-mdp.org.ar\/a\/?p=46827"},"modified":"2025-07-17T15:54:02","modified_gmt":"2025-07-17T18:54:02","slug":"en-el-dia-de-la-virgen-del-carmen-monsenor-giobando-presidio-la-fiesta-patronal-de-necochea","status":"publish","type":"post","link":"https:\/\/www.obispado-mdp.org.ar\/a\/en-el-dia-de-la-virgen-del-carmen-monsenor-giobando-presidio-la-fiesta-patronal-de-necochea\/","title":{"rendered":"En el d\u00eda de la Virgen del Carmen monse\u00f1or Giobando presidi\u00f3 la Fiesta Patronal de Necochea"},"content":{"rendered":"\n<p>Con gran participaci\u00f3n Necochea celebr\u00f3 a su Patrona, Nuestra Se\u00f1ora del Carmen, con una procesi\u00f3n y una Misa presididas por el obispo de la di\u00f3cesis, monse\u00f1or Ernesto Giobando sj. y concelebrada por sacerdotes de la zona.<\/p>\n\n\n\n<p>Desde la Parroquia Santa Mar\u00eda del Carmen los fieles salieron con la imagen de la Virgen a recorrer las calles del centro de la ciudad, testimoniando con oraciones y cantos su fe ante la comunidad.<\/p>\n\n\n\n<p>Al finalizar la Misa, en la que se destac\u00f3 la presencia de gran n\u00famero de ni\u00f1os y familias, se realiz\u00f3 la imposici\u00f3n del escapulario a varios de los presentes y luego se pas\u00f3 al sal\u00f3n parroquial a compartir un momento fraterno con chocolate caliente.<\/p>\n\n\n\n<p>Tambi\u00e9n las Hermanas Carmelitas celebraron con especial solemnidad esta fiesta, mientras que las parroquias de Lober\u00eda y de Mar del Plata que tienen por patrona a Nuestra Se\u00f1ora del Carmen celebraron su fiesta principal, presididas por sus respectivos pastores.<\/p>\n\n\n\n<p>La advocaci\u00f3n de la Virgen del Carmen se vincula con la aparici\u00f3n de la Virgen, el 16 de julio de 1251, a San Sim\u00f3n Stock. Aunque su origen puede vincularse tambi\u00e9n al Primer Libro de los Reyes en el que se cuenta que el profeta El\u00edas se reuni\u00f3 en el monte Carmelo con algunos hombres para defender la pureza de la fe de su pueblo, y gan\u00f3 un desaf\u00edo contra los sacerdotes del \u00eddolo Baal. Adem\u00e1s, seg\u00fan la tradici\u00f3n, la Sagrada Familia se detuvo en este monte&nbsp; a su regreso de Egipto.<\/p>\n\n\n\n<p>Inspir\u00e1ndose en El\u00edas, se establecieron en el monte Carmelo grupos de monjes que segu\u00edan la regla de San Basilio. Los religiosos construyeron una peque\u00f1a iglesia en medio de sus celdas, dedic\u00e1ndola a la Virgen Mar\u00eda, y tomaron el nombre de Hermanos de Santa Mar\u00eda del Monte Carmelo. La orden del Carmelo adquiri\u00f3 as\u00ed sus dos rasgos distintivos: la referencia a El\u00edas y el v\u00ednculo con Mar\u00eda Sant\u00edsima.&nbsp;<\/p>\n\n\n\n<figure class=\"wp-block-image size-large\"><img loading=\"lazy\" width=\"1024\" height=\"768\" src=\"https:\/\/www.obispado-mdp.org.ar\/a\/wp-content\/uploads\/2025\/07\/Portadas-web-1-1-1024x768.png\" alt=\"\" class=\"wp-image-46829\"\/><\/figure>\n\n\n\n<figure class=\"wp-block-image size-large is-resized\"><img loading=\"lazy\" src=\"https:\/\/www.obispado-mdp.org.ar\/a\/wp-content\/uploads\/2025\/07\/PHOTO-2025-07-17-08-45-27-768x1024.jpg\" alt=\"\" class=\"wp-image-46828\" width=\"818\" height=\"1091\"\/><\/figure>\n\n\n\n<figure class=\"wp-block-image size-large is-resized\"><img loading=\"lazy\" src=\"https:\/\/www.obispado-mdp.org.ar\/a\/wp-content\/uploads\/2025\/07\/PHOTO-2025-07-17-08-44-54_1-627x1024.jpg\" alt=\"\" class=\"wp-image-46830\" width=\"815\" height=\"1331\"\/><\/figure>\n\n\n\n<figure class=\"wp-block-image size-large\"><img loading=\"lazy\" width=\"1024\" height=\"768\" src=\"https:\/\/www.obispado-mdp.org.ar\/a\/wp-content\/uploads\/2025\/07\/PHOTO-2025-07-17-08-46-33_2-1024x768.jpg\" alt=\"\" class=\"wp-image-46831\"\/><\/figure>\n\n\n\n<figure class=\"wp-block-image size-large is-resized\"><img loading=\"lazy\" src=\"https:\/\/www.obispado-mdp.org.ar\/a\/wp-content\/uploads\/2025\/07\/PHOTO-2025-07-17-08-46-34_1-768x1024.jpg\" alt=\"\" class=\"wp-image-46832\" width=\"826\" height=\"1101\"\/><\/figure>\n\n\n\n<figure class=\"wp-block-image size-large is-resized\"><img loading=\"lazy\" src=\"https:\/\/www.obispado-mdp.org.ar\/a\/wp-content\/uploads\/2025\/07\/PHOTO-2025-07-17-08-46-34_2-768x1024.jpg\" alt=\"\" class=\"wp-image-46833\" width=\"819\" height=\"1092\"\/><\/figure>\n","protected":false},"excerpt":{"rendered":"<p>Con gran participaci\u00f3n Necochea celebr\u00f3 a su Patrona, Nuestra Se\u00f1ora del Carmen, con una procesi\u00f3n y una Misa presididas por el obispo de la di\u00f3cesis, monse\u00f1or Ernesto Giobando sj. y concelebrada por sacerdotes de la zona. Desde la Parroquia Santa Mar\u00eda del Carmen los fieles salieron con la imagen de la Virgen a recorrer las [&hellip;]<\/p>\n","protected":false},"author":4,"featured_media":0,"comment_status":"open","ping_status":"open","sticky":false,"template":"","format":"standard","meta":{"_et_pb_use_builder":"","_et_pb_old_content":"","_et_gb_content_width":""},"categories":[4],"tags":[],"aioseo_notices":[],"_links":{"self":[{"href":"https:\/\/www.obispado-mdp.org.ar\/a\/wp-json\/wp\/v2\/posts\/46827"}],"collection":[{"href":"https:\/\/www.obispado-mdp.org.ar\/a\/wp-json\/wp\/v2\/posts"}],"about":[{"href":"https:\/\/www.obispado-mdp.org.ar\/a\/wp-json\/wp\/v2\/types\/post"}],"author":[{"embeddable":true,"href":"https:\/\/www.obispado-mdp.org.ar\/a\/wp-json\/wp\/v2\/users\/4"}],"replies":[{"embeddable":true,"href":"https:\/\/www.obispado-mdp.org.ar\/a\/wp-json\/wp\/v2\/comments?post=46827"}],"version-history":[{"count":2,"href":"https:\/\/www.obispado-mdp.org.ar\/a\/wp-json\/wp\/v2\/posts\/46827\/revisions"}],"predecessor-version":[{"id":46837,"href":"https:\/\/www.obispado-mdp.org.ar\/a\/wp-json\/wp\/v2\/posts\/46827\/revisions\/46837"}],"wp:attachment":[{"href":"https:\/\/www.obispado-mdp.org.ar\/a\/wp-json\/wp\/v2\/media?parent=46827"}],"wp:term":[{"taxonomy":"category","embeddable":true,"href":"https:\/\/www.obispado-mdp.org.ar\/a\/wp-json\/wp\/v2\/categories?post=46827"},{"taxonomy":"post_tag","embeddable":true,"href":"https:\/\/www.obispado-mdp.org.ar\/a\/wp-json\/wp\/v2\/tags?post=46827"}],"curies":[{"name":"wp","href":"https:\/\/api.w.org\/{rel}","templated":true}]}}