{"id":46839,"date":"2025-07-24T11:20:30","date_gmt":"2025-07-24T14:20:30","guid":{"rendered":"https:\/\/www.obispado-mdp.org.ar\/a\/?p=46839"},"modified":"2025-07-24T11:20:32","modified_gmt":"2025-07-24T14:20:32","slug":"seminaristas-de-la-diocesis-participaron-de-convivencia-en-necochea","status":"publish","type":"post","link":"https:\/\/www.obispado-mdp.org.ar\/a\/seminaristas-de-la-diocesis-participaron-de-convivencia-en-necochea\/","title":{"rendered":"Seminaristas de la di\u00f3cesis participaron de convivencia en Necochea"},"content":{"rendered":"\n<p>La Parroquia Santa Teresita del Ni\u00f1o Jes\u00fas, de la localidad de Necochea, fue la anfitriona este a\u00f1o de la tradicional \u201cconvivencia de invierno\u201d que los seminaristas diocesanos realizan al inicio del receso invernal.<\/p>\n\n\n\n<p>Concluido el primer semestre de su formaci\u00f3n en el Seminario San Jos\u00e9, de La Plata, los j\u00f3venes partieron el pasado jueves 17 hacia el extremo sur de nuestra di\u00f3cesis, donde fueron recibidos por el padre Gonzalo Domench y miembros de la comunidad parroquial. All\u00ed participaron durante la ma\u00f1ana de un encuentro junto estudiantes locales de 5to. a\u00f1o del nivel secundario, mientras que por la tarde visitaron el espacio de \u201cApoyo\u201d que brinda la parroquia en la sede parroquial y finalmente fueron recibidos con un \u00e1gape fraterno por toda la comunidad.<\/p>\n\n\n\n<p>Durante el encuentro, que se prolong\u00f3 hasta el lunes 21, realizaron visitas a algunas de las escuelas cat\u00f3licas de esa ciudad y compartieron momentos con los diversos grupos de la parroquia, a la vez que participaron de las celebraciones lit\u00fargicas en las distintas comunidades.<\/p>\n\n\n\n<p>Finalmente el lunes 21 tuvo lugar la Misa de clausura, que fue presidida por el vicario general, presb\u00edtero Hern\u00e1n David y concelebrada por varios sacerdotes de la di\u00f3cesis. All\u00ed el padre Hern\u00e1n acerc\u00f3 el saludo del Obispo, quien se encuentra predicando ejercicios espirituales en la Santa Casa que fundara Mama Antula en Buenos Aires, y pidi\u00f3 rezar especialmente por las vocaciones. Luego de la Misa la comunidad parroquial ofreci\u00f3 un almuerzo a los sacerdotes y seminaristas concluyendo as\u00ed la convivencia.<\/p>\n\n\n\n<figure class=\"wp-block-image size-large\"><img loading=\"lazy\" width=\"1024\" height=\"768\" src=\"https:\/\/www.obispado-mdp.org.ar\/a\/wp-content\/uploads\/2025\/07\/Portadas-web-1-2-1024x768.png\" alt=\"\" class=\"wp-image-46841\"\/><\/figure>\n\n\n\n<figure class=\"wp-block-image size-large\"><img loading=\"lazy\" width=\"1024\" height=\"681\" src=\"https:\/\/www.obispado-mdp.org.ar\/a\/wp-content\/uploads\/2025\/07\/PHOTO-2025-07-24-09-25-02-1024x681.jpg\" alt=\"\" class=\"wp-image-46842\"\/><\/figure>\n\n\n\n<figure class=\"wp-block-image size-large\"><img loading=\"lazy\" width=\"1024\" height=\"732\" src=\"https:\/\/www.obispado-mdp.org.ar\/a\/wp-content\/uploads\/2025\/07\/PHOTO-2025-07-24-09-25-02_1-1024x732.jpg\" alt=\"\" class=\"wp-image-46843\"\/><\/figure>\n\n\n\n<figure class=\"wp-block-image size-large\"><img loading=\"lazy\" width=\"1024\" height=\"537\" src=\"https:\/\/www.obispado-mdp.org.ar\/a\/wp-content\/uploads\/2025\/07\/PHOTO-2025-07-24-09-25-50_2-1024x537.jpg\" alt=\"\" class=\"wp-image-46844\"\/><\/figure>\n\n\n\n<figure class=\"wp-block-image size-large\"><img loading=\"lazy\" width=\"1024\" height=\"576\" src=\"https:\/\/www.obispado-mdp.org.ar\/a\/wp-content\/uploads\/2025\/07\/PHOTO-2025-07-24-09-25-52_1-1024x576.jpg\" alt=\"\" class=\"wp-image-46845\"\/><\/figure>\n\n\n\n<figure class=\"wp-block-image size-large\"><img loading=\"lazy\" width=\"1024\" height=\"768\" src=\"https:\/\/www.obispado-mdp.org.ar\/a\/wp-content\/uploads\/2025\/07\/PHOTO-2025-07-24-09-25-51_2-1024x768.jpg\" alt=\"\" class=\"wp-image-46848\"\/><\/figure>\n\n\n\n<figure class=\"wp-block-image size-large\"><img loading=\"lazy\" width=\"1024\" height=\"642\" src=\"https:\/\/www.obispado-mdp.org.ar\/a\/wp-content\/uploads\/2025\/07\/PHOTO-2025-07-24-09-25-52-1024x642.jpg\" alt=\"\" class=\"wp-image-46846\"\/><\/figure>\n\n\n\n<figure class=\"wp-block-image size-large\"><img loading=\"lazy\" width=\"1024\" height=\"768\" src=\"https:\/\/www.obispado-mdp.org.ar\/a\/wp-content\/uploads\/2025\/07\/PHOTO-2025-07-24-09-25-52_2-1024x768.jpg\" alt=\"\" class=\"wp-image-46847\"\/><\/figure>\n","protected":false},"excerpt":{"rendered":"<p>La Parroquia Santa Teresita del Ni\u00f1o Jes\u00fas, de la localidad de Necochea, fue la anfitriona este a\u00f1o de la tradicional \u201cconvivencia de invierno\u201d que los seminaristas diocesanos realizan al inicio del receso invernal. Concluido el primer semestre de su formaci\u00f3n en el Seminario San Jos\u00e9, de La Plata, los j\u00f3venes partieron el pasado jueves 17 [&hellip;]<\/p>\n","protected":false},"author":4,"featured_media":0,"comment_status":"open","ping_status":"open","sticky":false,"template":"","format":"standard","meta":{"_et_pb_use_builder":"","_et_pb_old_content":"","_et_gb_content_width":""},"categories":[4],"tags":[],"aioseo_notices":[],"_links":{"self":[{"href":"https:\/\/www.obispado-mdp.org.ar\/a\/wp-json\/wp\/v2\/posts\/46839"}],"collection":[{"href":"https:\/\/www.obispado-mdp.org.ar\/a\/wp-json\/wp\/v2\/posts"}],"about":[{"href":"https:\/\/www.obispado-mdp.org.ar\/a\/wp-json\/wp\/v2\/types\/post"}],"author":[{"embeddable":true,"href":"https:\/\/www.obispado-mdp.org.ar\/a\/wp-json\/wp\/v2\/users\/4"}],"replies":[{"embeddable":true,"href":"https:\/\/www.obispado-mdp.org.ar\/a\/wp-json\/wp\/v2\/comments?post=46839"}],"version-history":[{"count":1,"href":"https:\/\/www.obispado-mdp.org.ar\/a\/wp-json\/wp\/v2\/posts\/46839\/revisions"}],"predecessor-version":[{"id":46849,"href":"https:\/\/www.obispado-mdp.org.ar\/a\/wp-json\/wp\/v2\/posts\/46839\/revisions\/46849"}],"wp:attachment":[{"href":"https:\/\/www.obispado-mdp.org.ar\/a\/wp-json\/wp\/v2\/media?parent=46839"}],"wp:term":[{"taxonomy":"category","embeddable":true,"href":"https:\/\/www.obispado-mdp.org.ar\/a\/wp-json\/wp\/v2\/categories?post=46839"},{"taxonomy":"post_tag","embeddable":true,"href":"https:\/\/www.obispado-mdp.org.ar\/a\/wp-json\/wp\/v2\/tags?post=46839"}],"curies":[{"name":"wp","href":"https:\/\/api.w.org\/{rel}","templated":true}]}}