{"id":46915,"date":"2025-08-03T20:57:26","date_gmt":"2025-08-03T23:57:26","guid":{"rendered":"https:\/\/www.obispado-mdp.org.ar\/a\/?p=46915"},"modified":"2025-08-03T20:57:28","modified_gmt":"2025-08-03T23:57:28","slug":"el-seminarista-agustin-corral-fue-ordenado-diacono","status":"publish","type":"post","link":"https:\/\/www.obispado-mdp.org.ar\/a\/el-seminarista-agustin-corral-fue-ordenado-diacono\/","title":{"rendered":"El seminarista Agust\u00edn Corral fue ordenado di\u00e1cono"},"content":{"rendered":"\n<p>En una Misa presidida por el obispo diocesano, monse\u00f1or Ernesto Giobando sj., en la Parroquia Santa Mar\u00eda del Carmen, de Necochea, el seminarista Agust\u00edn Corral recibi\u00f3 la ordenaci\u00f3n diaconal. El flamante di\u00e1cono, de 27 a\u00f1os, es oriundo de esa localidad y hace casi ocho a\u00f1os ingres\u00f3 al Seminario Mayor San Jos\u00e9, de La Plata, para comenzar su formaci\u00f3n en orden al ministerio sacerdotal.<\/p>\n\n\n\n<p>El lema elegido, \u201cServidor de ustedes por amor a Jes\u00fas\u201d, tomado de la Segunda Carta de San Pablo a los Corintios, fue comentado por el Obispo quien destac\u00f3 la dimensi\u00f3n de servicio propia del ministerio diaconal. \u201cSi bien el diaconado es el primer grado del Orden Sagrado \u2013explic\u00f3- no se trata de una carrera que se inicia, sino de un camino en el que el servicio es la base de la vocaci\u00f3n.\u201d<\/p>\n\n\n\n<p>Finalmente, Agust\u00edn agradeci\u00f3 a Dios por su familia y por las comunidades en las que sacerdotes y laicos lo han formado y acompa\u00f1ado desde su juventud hasta esta etapa final del Seminario y la experiencia pastoral que est\u00e1 desarrollando en la localidad de Balcarce.<\/p>\n\n\n\n<p>Luego de la Misa, fieles, familiares y amigos del neodi\u00e1cono compartieron un \u00e1gape fraterno en el gimnasio del Colegio Pio XII.<\/p>\n\n\n\n<figure class=\"wp-block-image size-large\"><img loading=\"lazy\" width=\"1024\" height=\"576\" src=\"https:\/\/www.obispado-mdp.org.ar\/a\/wp-content\/uploads\/2025\/08\/Copia-de-60-1024x576.jpg\" alt=\"\" class=\"wp-image-46921\"\/><\/figure>\n\n\n\n<figure class=\"wp-block-image size-large\"><img loading=\"lazy\" width=\"1024\" height=\"576\" src=\"https:\/\/www.obispado-mdp.org.ar\/a\/wp-content\/uploads\/2025\/08\/Copia-de-48-1024x576.jpg\" alt=\"\" class=\"wp-image-46925\"\/><\/figure>\n\n\n\n<figure class=\"wp-block-image size-large\"><img loading=\"lazy\" width=\"1024\" height=\"576\" src=\"https:\/\/www.obispado-mdp.org.ar\/a\/wp-content\/uploads\/2025\/08\/Copia-de-41-1024x576.jpg\" alt=\"\" class=\"wp-image-46924\"\/><\/figure>\n\n\n\n<figure class=\"wp-block-image size-large\"><img loading=\"lazy\" width=\"1024\" height=\"576\" src=\"https:\/\/www.obispado-mdp.org.ar\/a\/wp-content\/uploads\/2025\/08\/Copia-de-106-1024x576.jpg\" alt=\"\" class=\"wp-image-46922\"\/><\/figure>\n\n\n\n<figure class=\"wp-block-image size-large\"><img loading=\"lazy\" width=\"1024\" height=\"576\" src=\"https:\/\/www.obispado-mdp.org.ar\/a\/wp-content\/uploads\/2025\/08\/Copia-de-105-1024x576.jpg\" alt=\"\" class=\"wp-image-46923\"\/><\/figure>\n\n\n\n<figure class=\"wp-block-image size-large\"><img loading=\"lazy\" width=\"1024\" height=\"576\" src=\"https:\/\/www.obispado-mdp.org.ar\/a\/wp-content\/uploads\/2025\/08\/Copia-de-07-1024x576.jpg\" alt=\"\" class=\"wp-image-46928\"\/><\/figure>\n\n\n\n<figure class=\"wp-block-image size-large\"><img loading=\"lazy\" width=\"1024\" height=\"576\" src=\"https:\/\/www.obispado-mdp.org.ar\/a\/wp-content\/uploads\/2025\/08\/Copia-de-28-1024x576.jpg\" alt=\"\" class=\"wp-image-46926\"\/><\/figure>\n\n\n\n<figure class=\"wp-block-image size-large\"><img loading=\"lazy\" width=\"1024\" height=\"576\" src=\"https:\/\/www.obispado-mdp.org.ar\/a\/wp-content\/uploads\/2025\/08\/Copia-de-52-1024x576.jpg\" alt=\"\" class=\"wp-image-46929\"\/><\/figure>\n\n\n\n<figure class=\"wp-block-image size-large\"><img loading=\"lazy\" width=\"1024\" height=\"576\" src=\"https:\/\/www.obispado-mdp.org.ar\/a\/wp-content\/uploads\/2025\/08\/Copia-de-08-1024x576.jpg\" alt=\"\" class=\"wp-image-46927\"\/><\/figure>\n","protected":false},"excerpt":{"rendered":"<p>En una Misa presidida por el obispo diocesano, monse\u00f1or Ernesto Giobando sj., en la Parroquia Santa Mar\u00eda del Carmen, de Necochea, el seminarista Agust\u00edn Corral recibi\u00f3 la ordenaci\u00f3n diaconal. El flamante di\u00e1cono, de 27 a\u00f1os, es oriundo de esa localidad y hace casi ocho a\u00f1os ingres\u00f3 al Seminario Mayor San Jos\u00e9, de La Plata, para [&hellip;]<\/p>\n","protected":false},"author":4,"featured_media":0,"comment_status":"open","ping_status":"open","sticky":false,"template":"","format":"standard","meta":{"_et_pb_use_builder":"","_et_pb_old_content":"","_et_gb_content_width":""},"categories":[4],"tags":[],"aioseo_notices":[],"_links":{"self":[{"href":"https:\/\/www.obispado-mdp.org.ar\/a\/wp-json\/wp\/v2\/posts\/46915"}],"collection":[{"href":"https:\/\/www.obispado-mdp.org.ar\/a\/wp-json\/wp\/v2\/posts"}],"about":[{"href":"https:\/\/www.obispado-mdp.org.ar\/a\/wp-json\/wp\/v2\/types\/post"}],"author":[{"embeddable":true,"href":"https:\/\/www.obispado-mdp.org.ar\/a\/wp-json\/wp\/v2\/users\/4"}],"replies":[{"embeddable":true,"href":"https:\/\/www.obispado-mdp.org.ar\/a\/wp-json\/wp\/v2\/comments?post=46915"}],"version-history":[{"count":2,"href":"https:\/\/www.obispado-mdp.org.ar\/a\/wp-json\/wp\/v2\/posts\/46915\/revisions"}],"predecessor-version":[{"id":46930,"href":"https:\/\/www.obispado-mdp.org.ar\/a\/wp-json\/wp\/v2\/posts\/46915\/revisions\/46930"}],"wp:attachment":[{"href":"https:\/\/www.obispado-mdp.org.ar\/a\/wp-json\/wp\/v2\/media?parent=46915"}],"wp:term":[{"taxonomy":"category","embeddable":true,"href":"https:\/\/www.obispado-mdp.org.ar\/a\/wp-json\/wp\/v2\/categories?post=46915"},{"taxonomy":"post_tag","embeddable":true,"href":"https:\/\/www.obispado-mdp.org.ar\/a\/wp-json\/wp\/v2\/tags?post=46915"}],"curies":[{"name":"wp","href":"https:\/\/api.w.org\/{rel}","templated":true}]}}