{"id":46931,"date":"2025-08-04T22:03:28","date_gmt":"2025-08-05T01:03:28","guid":{"rendered":"https:\/\/www.obispado-mdp.org.ar\/a\/?p=46931"},"modified":"2025-08-04T22:15:09","modified_gmt":"2025-08-05T01:15:09","slug":"se-desarrollo-la-asamblea-de-caritas-diocesana-y-se-presentaron-sus-nuevas-autoridades","status":"publish","type":"post","link":"https:\/\/www.obispado-mdp.org.ar\/a\/se-desarrollo-la-asamblea-de-caritas-diocesana-y-se-presentaron-sus-nuevas-autoridades\/","title":{"rendered":"Se desarroll\u00f3 la Asamblea de C\u00e1ritas Diocesana y se presentaron sus nuevas autoridades"},"content":{"rendered":"\n<p>El pasado s\u00e1bado 2 de agosto tuvo lugar en la Parroquia San Jos\u00e9 de la ciudad de Mar del Plata la Asamblea Diocesana de C\u00e1ritas. La misma comenz\u00f3 con la celebraci\u00f3n de la Misa, presidida por el obispo diocesano, monse\u00f1or Ernesto Giobando sj. y concelebrada por el vicario general y vicepresidente de C\u00e1ritas saliente, presb\u00edtero Hern\u00e1n David y el p\u00e1rroco de San Jos\u00e9, R. P. Hugo Camino fdp., entre otros.<\/p>\n\n\n\n<p>Durante la asamblea, tras la aprobaci\u00f3n del balance se present\u00f3 a la nueva comisi\u00f3n. Acompa\u00f1ar\u00e1 a monse\u00f1or Giobando -que en cuanto obispo diocesano es presidente de C\u00e1ritas- el presb\u00edtero Sebasti\u00e1n Vercellone, como vicepresidente, mientras que la directora ser\u00e1 Mar\u00eda Marta Mirande y el vicedirector el di\u00e1cono Hern\u00e1n Victorel. Por su parte Mariela David ser\u00e1 la secretaria, y Jos\u00e9 Luis Hanaini ocupar\u00e1 la tesorer\u00eda.<\/p>\n\n\n\n<p>Seguidamente los m\u00e1s de 150 participantes participaron de un trabajo de reflexi\u00f3n sobre la esperanza como motor de la acci\u00f3n evangelizadora, para lo cual se dividieron por zonas pastorales.<\/p>\n\n\n\n<p>Finalmente se comparti\u00f3 un almuerzo ofrecido por voluntarios de la parroquia anfitriona, cerrando as\u00ed un encuentro fraterno que se enlaza en el camino sinodal de la Iglesia.<\/p>\n\n\n\n<figure class=\"wp-block-image size-large\"><img loading=\"lazy\" width=\"1024\" height=\"768\" src=\"https:\/\/www.obispado-mdp.org.ar\/a\/wp-content\/uploads\/2025\/08\/Portadas-web-7-1024x768.png\" alt=\"\" class=\"wp-image-46941\"\/><\/figure>\n\n\n\n<figure class=\"wp-block-image size-large is-resized\"><img loading=\"lazy\" src=\"https:\/\/www.obispado-mdp.org.ar\/a\/wp-content\/uploads\/2025\/08\/PHOTO-2025-08-04-21-02-06_2-768x1024.jpg\" alt=\"\" class=\"wp-image-46935\" width=\"821\" height=\"1095\"\/><\/figure>\n\n\n\n<figure class=\"wp-block-image size-large\"><img loading=\"lazy\" width=\"1024\" height=\"768\" src=\"https:\/\/www.obispado-mdp.org.ar\/a\/wp-content\/uploads\/2025\/08\/PHOTO-2025-08-04-21-02-06_1-1024x768.jpg\" alt=\"\" class=\"wp-image-46936\"\/><\/figure>\n\n\n\n<figure class=\"wp-block-image size-large\"><img loading=\"lazy\" width=\"1024\" height=\"768\" src=\"https:\/\/www.obispado-mdp.org.ar\/a\/wp-content\/uploads\/2025\/08\/PHOTO-2025-08-04-21-02-07_3-1024x768.jpg\" alt=\"\" class=\"wp-image-46938\"\/><\/figure>\n\n\n\n<figure class=\"wp-block-image size-large is-resized\"><img loading=\"lazy\" src=\"https:\/\/www.obispado-mdp.org.ar\/a\/wp-content\/uploads\/2025\/08\/PHOTO-2025-08-04-21-02-07_4-768x1024.jpg\" alt=\"\" class=\"wp-image-46939\" width=\"817\" height=\"1089\"\/><\/figure>\n\n\n\n<figure class=\"wp-block-image size-large\"><img loading=\"lazy\" width=\"1024\" height=\"768\" src=\"https:\/\/www.obispado-mdp.org.ar\/a\/wp-content\/uploads\/2025\/08\/PHOTO-2025-08-04-21-02-07_1-1024x768.jpg\" alt=\"\" class=\"wp-image-46937\"\/><\/figure>\n\n\n\n<figure class=\"wp-block-image size-large\"><img loading=\"lazy\" width=\"1024\" height=\"768\" src=\"https:\/\/www.obispado-mdp.org.ar\/a\/wp-content\/uploads\/2025\/08\/PHOTO-2025-08-04-21-02-06_3-1024x768.jpg\" alt=\"\" class=\"wp-image-46934\"\/><\/figure>\n","protected":false},"excerpt":{"rendered":"<p>El pasado s\u00e1bado 2 de agosto tuvo lugar en la Parroquia San Jos\u00e9 de la ciudad de Mar del Plata la Asamblea Diocesana de C\u00e1ritas. La misma comenz\u00f3 con la celebraci\u00f3n de la Misa, presidida por el obispo diocesano, monse\u00f1or Ernesto Giobando sj. y concelebrada por el vicario general y vicepresidente de C\u00e1ritas saliente, presb\u00edtero [&hellip;]<\/p>\n","protected":false},"author":4,"featured_media":0,"comment_status":"open","ping_status":"open","sticky":false,"template":"","format":"standard","meta":{"_et_pb_use_builder":"","_et_pb_old_content":"","_et_gb_content_width":""},"categories":[4],"tags":[],"aioseo_notices":[],"_links":{"self":[{"href":"https:\/\/www.obispado-mdp.org.ar\/a\/wp-json\/wp\/v2\/posts\/46931"}],"collection":[{"href":"https:\/\/www.obispado-mdp.org.ar\/a\/wp-json\/wp\/v2\/posts"}],"about":[{"href":"https:\/\/www.obispado-mdp.org.ar\/a\/wp-json\/wp\/v2\/types\/post"}],"author":[{"embeddable":true,"href":"https:\/\/www.obispado-mdp.org.ar\/a\/wp-json\/wp\/v2\/users\/4"}],"replies":[{"embeddable":true,"href":"https:\/\/www.obispado-mdp.org.ar\/a\/wp-json\/wp\/v2\/comments?post=46931"}],"version-history":[{"count":2,"href":"https:\/\/www.obispado-mdp.org.ar\/a\/wp-json\/wp\/v2\/posts\/46931\/revisions"}],"predecessor-version":[{"id":46943,"href":"https:\/\/www.obispado-mdp.org.ar\/a\/wp-json\/wp\/v2\/posts\/46931\/revisions\/46943"}],"wp:attachment":[{"href":"https:\/\/www.obispado-mdp.org.ar\/a\/wp-json\/wp\/v2\/media?parent=46931"}],"wp:term":[{"taxonomy":"category","embeddable":true,"href":"https:\/\/www.obispado-mdp.org.ar\/a\/wp-json\/wp\/v2\/categories?post=46931"},{"taxonomy":"post_tag","embeddable":true,"href":"https:\/\/www.obispado-mdp.org.ar\/a\/wp-json\/wp\/v2\/tags?post=46931"}],"curies":[{"name":"wp","href":"https:\/\/api.w.org\/{rel}","templated":true}]}}