{"id":46944,"date":"2025-08-05T15:05:37","date_gmt":"2025-08-05T18:05:37","guid":{"rendered":"https:\/\/www.obispado-mdp.org.ar\/a\/?p=46944"},"modified":"2025-08-05T15:05:39","modified_gmt":"2025-08-05T18:05:39","slug":"con-gran-participacion-comenzo-la-semana-social-diocesana","status":"publish","type":"post","link":"https:\/\/www.obispado-mdp.org.ar\/a\/con-gran-participacion-comenzo-la-semana-social-diocesana\/","title":{"rendered":"Con gran participaci\u00f3n comenz\u00f3 la Semana Social Diocesana"},"content":{"rendered":"\n<p>Ante m\u00e1s de 400 personas, entre ellas estudiantes de escuelas cat\u00f3licas y autoridades y representantes de los diferentes sectores de la vida social y pol\u00edtica, comenz\u00f3 en la ma\u00f1ana de este martes en el Hotel 13 de Julio la Semana Social organizada por el Obispado de Mar del Plata, con el lema \u201cEl legado de Francisco\u201d. Junto al obispo diocesano, monse\u00f1or Ernesto Giobando, se encontraban presentes en primera fila los intendentes de Balcarce, Esteban Reino y de Mar Chiquita, Walter Wischnivetzky, adem\u00e1s legisladores provinciales, concejales y secretarios del Ejecutivo municipal, adem\u00e1s de representantes de las universidades p\u00fablicas y privadas -encabezadas por sus rectores- y del \u00e1mbito pol\u00edtico y sindical.<\/p>\n\n\n\n<p>En primer t\u00e9rmino el vicario general de la di\u00f3cesis, presb\u00edtero Hern\u00e1n David, present\u00f3 al flamante Secretariado de Pastoral Social que, seg\u00fan explic\u00f3, integra la Mesa de Di\u00e1logo por al Dignidad de las Periferias y las pastorales sociales y caritativas de la Iglesia tales como C\u00e1ritas, Noche de la Caridad y las pastorales de Adicciones y Carcelaria, a la vez que tiene ya conformadas las \u00e1reas de J\u00f3venes, Ambiente, Formaci\u00f3n, y Di\u00e1logo Social.<\/p>\n\n\n\n<p>Seguidamente tom\u00f3 la palabra monse\u00f1or Giobando quien brind\u00f3 una reflexi\u00f3n tomando como eje el magisterio del papa Francisco, ordenado en los puntos \u201ccuidado de la creaci\u00f3n\u201d, \u201crelaciones fraternales sanas y universales\u201d y \u201canimarnos a amar saliendo de nosotros mismos\u201d. El Obispo destac\u00f3&nbsp; que \u201csentirnos hermanos es saber e intentar hacer la vida con otros que son mis hermanos\u201d y que \u201cesa fraternidad nos salva del ego\u00edsmo que nos invade.\u201d En esa l\u00ednea record\u00f3 que Francisco dec\u00eda que \u201cnadie se salva solo, y si bien quiz\u00e1s ley\u00f3 el Eternauta, ese mensaje es del Evangelio.\u201d<\/p>\n\n\n\n<p>Tras la exposici\u00f3n del Obispo siguieron dos paneles. El primero, a cargo de los intendentes Reino y Wiscnivetzky gir\u00f3 en torno a los proyectos locales de ambiente, desarrollo social, empleo y producci\u00f3n, mientras que a continuaci\u00f3n la mesa se integr\u00f3 con concejales representantes de los distintos bloques pol\u00edticos del HCD de Gral. Pueyrredon. Daniel N\u00fa\u00f1ez (UCR), Mariana Cuesta (UP) y Mar\u00eda Eva Ayala (AM) expusieron sobre sus proyectos referidos a la \u201cprotecci\u00f3n ambiental y el desarrollo sostenible\u201d. Tambi\u00e9n se hab\u00eda invitado a representantes bloque libertario.<\/p>\n\n\n\n<p>Los estudiantes de las escuelas, que hab\u00edan escuchado con atenci\u00f3n las exposiciones trabajaron a continuaci\u00f3n durante una hora debatiendo sus problem\u00e1ticas a la luz de las exposiciones para finalmente exponer en un plenario el avance de sus reflexiones.<\/p>\n\n\n\n<p>La Jornada continuar\u00e1 por la tarde con un panel titulado \u201cRostros de la opci\u00f3n por los m\u00e1s pobres en la Di\u00f3cesis de Mar del Plata\u201d, el cual estar\u00e1 a cargo de representantes de C\u00e1ritas, Noche de la Caridad, Pastoral de Adicciones y Pastoral Carcelaria. Luego se proyectar\u00e1 el documental \u201cPadre Mujica, a la hora de la luz.\u201d<\/p>\n\n\n\n<p>El mi\u00e9rcoles 6 se prev\u00e9 un panel a las 15 horas sobre los \u201cDesaf\u00edos para un desarrollo integral\u201d a cargo de referentes del sector sindical, comercial, industrial, ambiental y de la econom\u00eda popular. A las 17:30 ser\u00e1 la puesta en com\u00fan y la lectura de las conclusiones de los j\u00f3venes mientras que a las 18 ser\u00e1 la Misa de clausura de la Jornada.<\/p>\n\n\n\n<p>Cabe recordar que este encuentro se celebr\u00f3 como antesala de la ya tradicional Semana Social que organiza la Comisi\u00f3n Episcopal de Pastoral Social de la Conferencia Episcopal Argentina, que se desarrollar\u00e1 entre el 8 y el 10 de agosto en el mismo hotel sindical con el lema \u201cLa amistad social como sue\u00f1o y camino\u201d en el que participar\u00e1n representantes del \u00e1mbito pol\u00edtico y social de orden nacional.<\/p>\n\n\n\n<figure class=\"wp-block-image size-large\"><img loading=\"lazy\" width=\"1024\" height=\"683\" src=\"https:\/\/www.obispado-mdp.org.ar\/a\/wp-content\/uploads\/2025\/08\/IMG_5177-1024x683.jpg\" alt=\"\" class=\"wp-image-46945\"\/><\/figure>\n\n\n\n<figure class=\"wp-block-image size-large\"><img loading=\"lazy\" width=\"1024\" height=\"683\" src=\"https:\/\/www.obispado-mdp.org.ar\/a\/wp-content\/uploads\/2025\/08\/IMG_5176-1024x683.jpg\" alt=\"\" class=\"wp-image-46946\"\/><\/figure>\n\n\n\n<figure class=\"wp-block-image size-large\"><img loading=\"lazy\" width=\"1024\" height=\"676\" src=\"https:\/\/www.obispado-mdp.org.ar\/a\/wp-content\/uploads\/2025\/08\/DSC0287_Original-1024x676.jpg\" alt=\"\" class=\"wp-image-46947\"\/><\/figure>\n\n\n\n<figure class=\"wp-block-image size-large\"><img loading=\"lazy\" width=\"1024\" height=\"683\" src=\"https:\/\/www.obispado-mdp.org.ar\/a\/wp-content\/uploads\/2025\/08\/IMG_5173-1024x683.jpg\" alt=\"\" class=\"wp-image-46953\"\/><\/figure>\n\n\n\n<figure class=\"wp-block-image size-large is-resized\"><img loading=\"lazy\" src=\"https:\/\/www.obispado-mdp.org.ar\/a\/wp-content\/uploads\/2025\/08\/DSC0354_Original-1024x681.jpg\" alt=\"\" class=\"wp-image-46948\" width=\"821\" height=\"545\"\/><\/figure>\n\n\n\n<figure class=\"wp-block-image size-large\"><img loading=\"lazy\" width=\"1024\" height=\"681\" src=\"https:\/\/www.obispado-mdp.org.ar\/a\/wp-content\/uploads\/2025\/08\/DSC0370_Original-1024x681.jpg\" alt=\"\" class=\"wp-image-46949\"\/><\/figure>\n\n\n\n<p><\/p>\n\n\n\n<figure class=\"wp-block-image size-large\"><img loading=\"lazy\" width=\"1024\" height=\"681\" src=\"https:\/\/www.obispado-mdp.org.ar\/a\/wp-content\/uploads\/2025\/08\/DSC0359_Original-1024x681.jpg\" alt=\"\" class=\"wp-image-46950\"\/><\/figure>\n\n\n\n<figure class=\"wp-block-image size-full\"><img src=\"https:\/\/www.obispado-mdp.org.ar\/a\/wp-content\/uploads\/2025\/08\/IMG_3826.heic\" alt=\"\" class=\"wp-image-46951\"\/><\/figure>\n\n\n\n<figure class=\"wp-block-image size-large\"><img loading=\"lazy\" width=\"1024\" height=\"683\" src=\"https:\/\/www.obispado-mdp.org.ar\/a\/wp-content\/uploads\/2025\/08\/IMG_5172-1024x683.jpg\" alt=\"\" class=\"wp-image-46952\"\/><\/figure>\n\n\n\n<figure class=\"wp-block-image size-large\"><img loading=\"lazy\" width=\"1024\" height=\"681\" src=\"https:\/\/www.obispado-mdp.org.ar\/a\/wp-content\/uploads\/2025\/08\/DSC0339_Original-1024x681.jpg\" alt=\"\" class=\"wp-image-46954\"\/><\/figure>\n\n\n\n<figure class=\"wp-block-image size-large\"><img loading=\"lazy\" width=\"1024\" height=\"681\" src=\"https:\/\/www.obispado-mdp.org.ar\/a\/wp-content\/uploads\/2025\/08\/DSC0372_Original-1024x681.jpg\" alt=\"\" class=\"wp-image-46956\"\/><\/figure>\n\n\n\n<figure class=\"wp-block-image size-large\"><img loading=\"lazy\" width=\"1024\" height=\"681\" src=\"https:\/\/www.obispado-mdp.org.ar\/a\/wp-content\/uploads\/2025\/08\/DSC0338_Original-1024x681.jpg\" alt=\"\" class=\"wp-image-46955\"\/><\/figure>\n","protected":false},"excerpt":{"rendered":"<p>Ante m\u00e1s de 400 personas, entre ellas estudiantes de escuelas cat\u00f3licas y autoridades y representantes de los diferentes sectores de la vida social y pol\u00edtica, comenz\u00f3 en la ma\u00f1ana de este martes en el Hotel 13 de Julio la Semana Social organizada por el Obispado de Mar del Plata, con el lema \u201cEl legado de [&hellip;]<\/p>\n","protected":false},"author":4,"featured_media":0,"comment_status":"open","ping_status":"open","sticky":false,"template":"","format":"standard","meta":{"_et_pb_use_builder":"","_et_pb_old_content":"","_et_gb_content_width":""},"categories":[4],"tags":[],"aioseo_notices":[],"_links":{"self":[{"href":"https:\/\/www.obispado-mdp.org.ar\/a\/wp-json\/wp\/v2\/posts\/46944"}],"collection":[{"href":"https:\/\/www.obispado-mdp.org.ar\/a\/wp-json\/wp\/v2\/posts"}],"about":[{"href":"https:\/\/www.obispado-mdp.org.ar\/a\/wp-json\/wp\/v2\/types\/post"}],"author":[{"embeddable":true,"href":"https:\/\/www.obispado-mdp.org.ar\/a\/wp-json\/wp\/v2\/users\/4"}],"replies":[{"embeddable":true,"href":"https:\/\/www.obispado-mdp.org.ar\/a\/wp-json\/wp\/v2\/comments?post=46944"}],"version-history":[{"count":1,"href":"https:\/\/www.obispado-mdp.org.ar\/a\/wp-json\/wp\/v2\/posts\/46944\/revisions"}],"predecessor-version":[{"id":46957,"href":"https:\/\/www.obispado-mdp.org.ar\/a\/wp-json\/wp\/v2\/posts\/46944\/revisions\/46957"}],"wp:attachment":[{"href":"https:\/\/www.obispado-mdp.org.ar\/a\/wp-json\/wp\/v2\/media?parent=46944"}],"wp:term":[{"taxonomy":"category","embeddable":true,"href":"https:\/\/www.obispado-mdp.org.ar\/a\/wp-json\/wp\/v2\/categories?post=46944"},{"taxonomy":"post_tag","embeddable":true,"href":"https:\/\/www.obispado-mdp.org.ar\/a\/wp-json\/wp\/v2\/tags?post=46944"}],"curies":[{"name":"wp","href":"https:\/\/api.w.org\/{rel}","templated":true}]}}