{"id":46959,"date":"2025-08-08T10:58:35","date_gmt":"2025-08-08T13:58:35","guid":{"rendered":"https:\/\/www.obispado-mdp.org.ar\/a\/?p=46959"},"modified":"2025-08-19T18:57:38","modified_gmt":"2025-08-19T21:57:38","slug":"finalizo-la-semana-social-diocesana-con-un-llamado-al-dialogo-el-compromiso-y-el-desarrollo-integral","status":"publish","type":"post","link":"https:\/\/www.obispado-mdp.org.ar\/a\/finalizo-la-semana-social-diocesana-con-un-llamado-al-dialogo-el-compromiso-y-el-desarrollo-integral\/","title":{"rendered":"Finaliz\u00f3 la Semana Social Diocesana con un llamado al di\u00e1logo, el compromiso y el desarrollo integral"},"content":{"rendered":"\n<p>Este mi\u00e9rcoles 6 concluy\u00f3 en Mar del Plata la Semana Social Diocesana, organizada por el recientemente conformado Secretariado de Pastoral Social del Obispado local. La jornada de cierre, realizada en el Hotel 13 de Julio, reuni\u00f3 a actores de diversos sectores de la vida pol\u00edtica, social, sindical, empresarial y comunitaria.<\/p>\n\n\n\n<p>El panel final, titulado \u201cDesaf\u00edos para un desarrollo integral\u201d, fue moderado por Alfonsina Guardia, docente e investigadora de la Universidad Nacional de Mar del Plata. Disertaron Gabriel Lema (Movimiento de Trabajadores Excluidos &#8211; MTE), Ra\u00fal Garc\u00eda (Sindicato de Empleados de Comercio), Leonardo Tasca (UCIP), la Dra. Emilia Bocanegra (referente ambientalista y del cuidado de la Casa Com\u00fan) y el presidente de la C\u00e1mara Textil de Mar del Plata, Guillermo Fasano quienes compartieron experiencias y propuestas desde sus sectores para pensar un modelo de desarrollo con equidad, trabajo y sostenibilidad.<\/p>\n\n\n\n<p>Entre los presentes se encontraban entre otros el senador nacional Maximiliano Abad, el senador provincial Ariel Bordaisco, la presidenta del Honorable Concejo Deliberante Marina S\u00e1nchez Herrero, el concejal Diego Garc\u00eda y Ra\u00fal Calamante, coordinador regional de la Zona VIII del Ministerio de Trabajo de la Provincia de Buenos Aires. Tambi\u00e9n participaron representantes de movimientos sociales, sindicatos, organizaciones de la econom\u00eda popular, c\u00e1maras empresariales, universidades, sectores pastorales y referentes barriales.<\/p>\n\n\n\n<p>Tras las ponencias y los trabajos en grupos, se compartieron las conclusiones de lo aportado por los m\u00e1s de 200 j\u00f3venes que participaron de la jornada anterior, donde reflexionaron sobre las exposiciones de intendentes y concejales de la regi\u00f3n. \u201cSo\u00f1amos con una sociedad m\u00e1s justa, m\u00e1s limpia y m\u00e1s inclusiva, donde todos tengamos voz y lugar; en la que cuidar la Casa Com\u00fan no sea la excepci\u00f3n, sino el modo natural de habitar el mundo\u201d, expresaron. Y a\u00f1adieron: \u201clo hacemos convencidos de que el legado del Papa Francisco no es solo un mensaje: es una misi\u00f3n. Queremos que sus palabras se vuelvan vida, que su ejemplo resuene con fuerza en cada una de nuestras decisiones, y que su llamado a &#8216;hacer l\u00edo&#8217; siga encendiendo el fuego del compromiso en cada joven que sue\u00f1a con un mundo mejor.\u201d<\/p>\n\n\n\n<p>La jornada culmin\u00f3 con la celebraci\u00f3n de la Santa Misa presidida por el obispo diocesano, monse\u00f1or Ernesto Giobando sj, quien destac\u00f3 que \u201csi bien ser\u00edamos ilusos si pens\u00e1ramos que en estos d\u00edas hemos solucionado los problemas, porque lamentablemente va a seguir durmiendo gente en la calle y los chicos van a seguir estando con tantas adicciones, s\u00ed podemos crecer en el acompa\u00f1amiento, en el hacernos cercanos.\u201d<\/p>\n\n\n\n<figure class=\"wp-block-image size-large\"><img loading=\"lazy\" width=\"1024\" height=\"768\" src=\"https:\/\/www.obispado-mdp.org.ar\/a\/wp-content\/uploads\/2025\/08\/Portadas-web-1-1024x768.png\" alt=\"\" class=\"wp-image-46971\"\/><\/figure>\n\n\n\n<figure class=\"wp-block-image size-large\"><img loading=\"lazy\" width=\"1024\" height=\"472\" src=\"https:\/\/www.obispado-mdp.org.ar\/a\/wp-content\/uploads\/2025\/08\/PHOTO-2025-08-05-09-15-47-1024x472.jpg\" alt=\"\" class=\"wp-image-46960\"\/><\/figure>\n\n\n\n<figure class=\"wp-block-image size-large\"><img loading=\"lazy\" width=\"1024\" height=\"472\" src=\"https:\/\/www.obispado-mdp.org.ar\/a\/wp-content\/uploads\/2025\/08\/PHOTO-2025-08-05-09-15-47_1-1024x472.jpg\" alt=\"\" class=\"wp-image-46961\"\/><\/figure>\n\n\n\n<figure class=\"wp-block-image size-large is-resized\"><img loading=\"lazy\" src=\"https:\/\/www.obispado-mdp.org.ar\/a\/wp-content\/uploads\/2025\/08\/PHOTO-2025-08-05-09-23-26_1-682x1024.jpg\" alt=\"\" class=\"wp-image-46962\" width=\"821\" height=\"1233\"\/><\/figure>\n\n\n\n<figure class=\"wp-block-image size-large is-resized\"><img loading=\"lazy\" src=\"https:\/\/www.obispado-mdp.org.ar\/a\/wp-content\/uploads\/2025\/08\/IMG_4053-768x1024.jpg\" alt=\"\" class=\"wp-image-46963\" width=\"824\" height=\"1099\"\/><\/figure>\n\n\n\n<figure class=\"wp-block-image size-large\"><img loading=\"lazy\" width=\"1024\" height=\"768\" src=\"https:\/\/www.obispado-mdp.org.ar\/a\/wp-content\/uploads\/2025\/08\/IMG_4038-1024x768.jpg\" alt=\"\" class=\"wp-image-46964\"\/><\/figure>\n\n\n\n<figure class=\"wp-block-image size-large is-resized\"><img loading=\"lazy\" src=\"https:\/\/www.obispado-mdp.org.ar\/a\/wp-content\/uploads\/2025\/08\/IMG_4046-768x1024.jpg\" alt=\"\" class=\"wp-image-46965\" width=\"819\" height=\"1092\"\/><\/figure>\n\n\n\n<figure class=\"wp-block-image size-large is-resized\"><img loading=\"lazy\" src=\"https:\/\/www.obispado-mdp.org.ar\/a\/wp-content\/uploads\/2025\/08\/IMG_4098-768x1024.jpg\" alt=\"\" class=\"wp-image-46966\" width=\"814\" height=\"1085\"\/><\/figure>\n\n\n\n<figure class=\"wp-block-image size-large is-resized\"><img loading=\"lazy\" src=\"https:\/\/www.obispado-mdp.org.ar\/a\/wp-content\/uploads\/2025\/08\/IMG_4123-768x1024.jpg\" alt=\"\" class=\"wp-image-46968\" width=\"818\" height=\"1091\"\/><\/figure>\n\n\n\n<figure class=\"wp-block-image size-large is-resized\"><img loading=\"lazy\" src=\"https:\/\/www.obispado-mdp.org.ar\/a\/wp-content\/uploads\/2025\/08\/IMG_4151-768x1024.jpg\" alt=\"\" class=\"wp-image-46969\" width=\"820\" height=\"1093\"\/><\/figure>\n\n\n\n<figure class=\"wp-block-image size-large\"><img loading=\"lazy\" width=\"1024\" height=\"768\" src=\"https:\/\/www.obispado-mdp.org.ar\/a\/wp-content\/uploads\/2025\/08\/IMG_4082-1024x768.jpg\" alt=\"\" class=\"wp-image-46970\"\/><\/figure>\n\n\n\n<figure class=\"wp-block-image size-large is-resized\"><img loading=\"lazy\" src=\"https:\/\/www.obispado-mdp.org.ar\/a\/wp-content\/uploads\/2025\/08\/IMG_4160-768x1024.jpg\" alt=\"\" class=\"wp-image-46967\" width=\"817\" height=\"1089\"\/><\/figure>\n\n\n\n<p class=\"has-vivid-cyan-blue-color has-text-color has-medium-font-size\">CONCLUSIONES<\/p>\n\n\n\n<p><a href=\"https:\/\/drive.google.com\/file\/d\/1rIjtjKN_Dm0iD3ebA7bpNfIAP6-u-XdR\/view?usp=sharing\">https:\/\/drive.google.com\/file\/d\/1rIjtjKN_Dm0iD3ebA7bpNfIAP6-u-XdR\/view?usp=sharing<\/a><\/p>\n\n\n\n<p><a href=\"https:\/\/drive.google.com\/file\/d\/1oj1cRxDL3eWLu-wbc9WAI6WXTs30hYSJ\/view?usp=sharing\">https:\/\/drive.google.com\/file\/d\/1oj1cRxDL3eWLu-wbc9WAI6WXTs30hYSJ\/view?usp=sharing<\/a><\/p>\n\n\n\n<p><a href=\"https:\/\/drive.google.com\/file\/d\/16RtF067cL47hZdTmysF5Brxn68UoE_ln\/view?usp=sharing\">https:\/\/drive.google.com\/file\/d\/16RtF067cL47hZdTmysF5Brxn68UoE_ln\/view?usp=sharing<\/a><\/p>\n","protected":false},"excerpt":{"rendered":"<p>Este mi\u00e9rcoles 6 concluy\u00f3 en Mar del Plata la Semana Social Diocesana, organizada por el recientemente conformado Secretariado de Pastoral Social del Obispado local. La jornada de cierre, realizada en el Hotel 13 de Julio, reuni\u00f3 a actores de diversos sectores de la vida pol\u00edtica, social, sindical, empresarial y comunitaria. El panel final, titulado \u201cDesaf\u00edos [&hellip;]<\/p>\n","protected":false},"author":4,"featured_media":0,"comment_status":"open","ping_status":"open","sticky":false,"template":"","format":"standard","meta":{"_et_pb_use_builder":"","_et_pb_old_content":"","_et_gb_content_width":""},"categories":[4],"tags":[],"aioseo_notices":[],"_links":{"self":[{"href":"https:\/\/www.obispado-mdp.org.ar\/a\/wp-json\/wp\/v2\/posts\/46959"}],"collection":[{"href":"https:\/\/www.obispado-mdp.org.ar\/a\/wp-json\/wp\/v2\/posts"}],"about":[{"href":"https:\/\/www.obispado-mdp.org.ar\/a\/wp-json\/wp\/v2\/types\/post"}],"author":[{"embeddable":true,"href":"https:\/\/www.obispado-mdp.org.ar\/a\/wp-json\/wp\/v2\/users\/4"}],"replies":[{"embeddable":true,"href":"https:\/\/www.obispado-mdp.org.ar\/a\/wp-json\/wp\/v2\/comments?post=46959"}],"version-history":[{"count":2,"href":"https:\/\/www.obispado-mdp.org.ar\/a\/wp-json\/wp\/v2\/posts\/46959\/revisions"}],"predecessor-version":[{"id":47160,"href":"https:\/\/www.obispado-mdp.org.ar\/a\/wp-json\/wp\/v2\/posts\/46959\/revisions\/47160"}],"wp:attachment":[{"href":"https:\/\/www.obispado-mdp.org.ar\/a\/wp-json\/wp\/v2\/media?parent=46959"}],"wp:term":[{"taxonomy":"category","embeddable":true,"href":"https:\/\/www.obispado-mdp.org.ar\/a\/wp-json\/wp\/v2\/categories?post=46959"},{"taxonomy":"post_tag","embeddable":true,"href":"https:\/\/www.obispado-mdp.org.ar\/a\/wp-json\/wp\/v2\/tags?post=46959"}],"curies":[{"name":"wp","href":"https:\/\/api.w.org\/{rel}","templated":true}]}}