{"id":46973,"date":"2025-08-08T11:24:45","date_gmt":"2025-08-08T14:24:45","guid":{"rendered":"https:\/\/www.obispado-mdp.org.ar\/a\/?p=46973"},"modified":"2025-08-08T11:24:47","modified_gmt":"2025-08-08T14:24:47","slug":"en-san-cayetano-monsenor-giobando-pidio-poner-el-corazon-para-que-en-ninguna-mesa-falte-el-pan-y-el-trabajo","status":"publish","type":"post","link":"https:\/\/www.obispado-mdp.org.ar\/a\/en-san-cayetano-monsenor-giobando-pidio-poner-el-corazon-para-que-en-ninguna-mesa-falte-el-pan-y-el-trabajo\/","title":{"rendered":"En San Cayetano, monse\u00f1or Giobando pidi\u00f3 \u201cponer el coraz\u00f3n\u201d para que en ninguna mesa falte el pan y el trabajo"},"content":{"rendered":"\n<p>La Fiesta de San Cayetano, patrono del Pan y del Trabajo, congreg\u00f3 hoy a una multitud en el santuario marplatense. En este marco, el obispo de Mar del Plata, monse\u00f1or Ernesto Giobando sj., pronunci\u00f3 una homil\u00eda centrada en el Evangelio de Lucas (12, 32\u201334).<\/p>\n\n\n\n<p>El Obispo inici\u00f3 la celebraci\u00f3n citando el pasaje b\u00edblico \u201cNo temas, peque\u00f1o Reba\u00f1o, porque el Padre de ustedes ha querido darles el Reino. Vendan sus bienes y denlos como limosna. H\u00e1ganse bolsas que no se desgasten y acumulen un tesoro inagotable en el cielo, donde no se acerca el ladr\u00f3n ni destruye la polilla. Porque all\u00ed donde tengan su tesoro, tendr\u00e1n tambi\u00e9n su coraz\u00f3n\u201d.<\/p>\n\n\n\n<p>Comentando el texto b\u00edblico explic\u00f3 que \u201cen este Evangelio Jes\u00fas nos invita a que confiemos como las ovejas conf\u00edan en su pastor. Jes\u00fas es el Buen Pastor que da su vida por el reba\u00f1o. Los que no son buenos pastores se aprovechan de la lana y de la leche del reba\u00f1o, pero no le interesan las ovejas, y cuando ve venir al lobo las abandona y huye, no es un buen pastor, sino un asalariado\u201d.<\/p>\n\n\n\n<p>Seguidamente afirm\u00f3 \u201cNo temas peque\u00f1o reba\u00f1o, no tengamos miedo, estamos aqu\u00ed unidos como comunidad creyente celebrando a un buen pastor, a San Cayetano, patrono del Pan y del Trabajo. San Cayetano dedic\u00f3 su vida como sacerdote a ayudar a los pobres, los atend\u00eda con amor cristiano, el pan que compart\u00eda con ellos siempre alcanzaba, nadie se iba con la panza vac\u00eda. Por eso San Cayetano es el patrono del pan, lo que no debe faltar en ning\u00fan hogar\u201d.<\/p>\n\n\n\n<p>Luego advirti\u00f3 \u201clamentablemente en muchos hogares falta el pan, porque la pobreza pega duro en muchos hogares argentinos y de nuestra ciudad. Una pobreza que deja a mucha gente con las manos vac\u00edas, es muy triste llegar a casa y que tus hijos te pregunten \u00bfqu\u00e9 comemos hoy? El pan es signo de comuni\u00f3n, a nadie le debe faltar el pan en la mesa y tenemos que dar una mano al que lo necesita, compartiendo el pan. Un pan bendecido que nunca se tira, y si por alguna raz\u00f3n hay que tirar el pan a la basura, antes hay que darle un beso, porque es pan bendito, fruto del trabajo y del esfuerzo del hombre, y que no venga el pan a tu mesa sin el sudor de tu frente, son las recomendaciones de la Biblia a los trabajadores\u201d.<\/p>\n\n\n\n<p>\u201cPero cuando no hay trabajo, \u00bfc\u00f3mo llevar el pan a nuestros hogares? Por eso lo \u00fanico que nos devolver\u00e1 la dignidad es el trabajo. No cualquier trabajo, porque hoy hay trabajo esclavo, trabajo infantil, eso no es trabajo, es servidumbre. El trabajo digno dignifica a la persona. Y San Cayetano es el patrono del trabajo y de los trabajadores, y hoy venimos a agradecerle por los que han conseguido un trabajo y pedimos para que se puedan dar fuentes de trabajo, porque el trabajo es una fuente de donde se saca la dignidad de una persona, donde se dignifica un hogar, donde se ordena una sociedad\u201d, plante\u00f3.<\/p>\n\n\n\n<p>En el marco del A\u00f1o Santo de la Esperanza, pidi\u00f3 no perder la esperanza \u201cporque si se pierde la esperanza se pierden las ganas de luchar.\u201d \u201cLa esperanza es la base donde construimos nuestro peregrinar en la tierra. Hoy somos peregrinos del santuario de San Cayetano, peregrinos de la esperanza. Que esa esperanza nos de fortaleza, especialmente en los miles y miles de hermanos y hermanas que la est\u00e1n pasando mal, en los jubilados que no llegan a fin de mes, en los trabajadores que son suspendidos, en los que dan trabajo y van a p\u00e9rdida y se comen sus ahorros para no dejar a nadie en la calle, y pagan los impuestos y sienten que ya no pueden seguir adelante y tienen que cerrar la puerta o entrar en quiebra. Los que dan trabajo hoy tambi\u00e9n son bendecidos, porque dar trabajo en estas condiciones es tambi\u00e9n tener esperanza\u201d, sigui\u00f3.<\/p>\n\n\n\n<p>M\u00e1s adelante retom\u00f3 las palabras de Jes\u00fas \u201cNo temas peque\u00f1o reba\u00f1o\u201d, y exhort\u00f3 a no tener miedo \u201cporque el miedo paraliza, vivir con miedo a perder todo, a quedarse en la calle, a perder el trabajo, a no poder llevar el pan a la mesa: esos miedos son terribles, y lamentablemente vivimos con muchos miedos. Tenemos que cambiar el miedo por la confianza.\u201d \u201cComo sociedad tenemos que aprender a confiar en el otro, en el vecino, en el compa\u00f1ero de trabajo, en el patr\u00f3n. Una confianza que construye y no un miedo que tira abajo la esperanza\u201d destac\u00f3 y se pregunt\u00f3 \u201c\u00bfEs posible una patria de hermanos? \u00bfes posible una sociedad sin descartados?\u201d \u201cSolamente ser\u00e1 posible si los argentinos logramos realizar un proyecto de pa\u00eds donde nadie se queda afuera o se tenga que ir para buscar un horizonte mejor. En esta ciudad bendecida que es Mar del Plata tenemos que poner el hombro, aprender a dialogar, dejar de provocar divisiones innecesarias y construir, entre todos, una ciudad feliz\u201d, afirm\u00f3.<\/p>\n\n\n\n<p>Finalmente concluy\u00f3 \u201c\u2018Donde est\u00e9 tu tesoro estar\u00e1 tu coraz\u00f3n\u2019, termina diciendo Jes\u00fas en el Evangelio de hoy, y en el coraz\u00f3n de San Cayetano est\u00e1n los pobres por quienes entreg\u00f3 su vida para mejorar sus vidas. Han pasado muchos siglos y hoy seguimos pidi\u00e9ndole Pan y Trabajo. El santo intercede, pero a nosotros nos toca construir una sociedad m\u00e1s justa, y poner el coraz\u00f3n: para que no falte en ninguna mesa el pan y el trabajo, \u00fanico camino de dignidad humana. Que as\u00ed sea\u201d.<\/p>\n\n\n\n<p>Descargar homil\u00eda completa: <\/p>\n\n\n\n<p><a href=\"https:\/\/docs.google.com\/document\/d\/1p3ttFWh051YM37Tj3avKblVyJRyzMwZX\/edit?usp=sharing&amp;ouid=107291774897470393922&amp;rtpof=true&amp;sd=true\">https:\/\/docs.google.com\/document\/d\/1p3ttFWh051YM37Tj3avKblVyJRyzMwZX\/edit?usp=sharing&amp;ouid=107291774897470393922&amp;rtpof=true&amp;sd=true<\/a><\/p>\n\n\n\n<figure class=\"wp-block-image size-large\"><img loading=\"lazy\" width=\"1024\" height=\"768\" src=\"https:\/\/www.obispado-mdp.org.ar\/a\/wp-content\/uploads\/2025\/08\/Portadas-web-2-1024x768.png\" alt=\"\" class=\"wp-image-46980\"\/><\/figure>\n\n\n\n<figure class=\"wp-block-image size-large\"><img loading=\"lazy\" width=\"1024\" height=\"768\" src=\"https:\/\/www.obispado-mdp.org.ar\/a\/wp-content\/uploads\/2025\/08\/IMG_4189-1024x768.jpg\" alt=\"\" class=\"wp-image-46974\"\/><\/figure>\n\n\n\n<figure class=\"wp-block-image size-large\"><img loading=\"lazy\" width=\"1024\" height=\"768\" src=\"https:\/\/www.obispado-mdp.org.ar\/a\/wp-content\/uploads\/2025\/08\/IMG_4196-1024x768.jpg\" alt=\"\" class=\"wp-image-46975\"\/><\/figure>\n\n\n\n<figure class=\"wp-block-image size-large is-resized\"><img loading=\"lazy\" src=\"https:\/\/www.obispado-mdp.org.ar\/a\/wp-content\/uploads\/2025\/08\/IMG_4204-768x1024.jpg\" alt=\"\" class=\"wp-image-46976\" width=\"821\" height=\"1095\"\/><\/figure>\n\n\n\n<p><\/p>\n\n\n\n<figure class=\"wp-block-image size-large\"><img loading=\"lazy\" width=\"1024\" height=\"768\" src=\"https:\/\/www.obispado-mdp.org.ar\/a\/wp-content\/uploads\/2025\/08\/IMG_4217-1024x768.jpg\" alt=\"\" class=\"wp-image-46977\"\/><\/figure>\n\n\n\n<figure class=\"wp-block-image size-large is-resized\"><img loading=\"lazy\" src=\"https:\/\/www.obispado-mdp.org.ar\/a\/wp-content\/uploads\/2025\/08\/IMG_4211-768x1024.jpg\" alt=\"\" class=\"wp-image-46979\" width=\"819\" height=\"1092\"\/><\/figure>\n\n\n\n<figure class=\"wp-block-image size-large is-resized\"><img loading=\"lazy\" src=\"https:\/\/www.obispado-mdp.org.ar\/a\/wp-content\/uploads\/2025\/08\/IMG_4183-1024x768.jpg\" alt=\"\" class=\"wp-image-46978\" width=\"825\" height=\"618\"\/><\/figure>\n\n\n\n<figure class=\"wp-block-image size-large is-resized\"><img loading=\"lazy\" src=\"https:\/\/www.obispado-mdp.org.ar\/a\/wp-content\/uploads\/2025\/08\/IMG_4267-768x1024.jpg\" alt=\"\" class=\"wp-image-46981\" width=\"827\" height=\"1103\"\/><\/figure>\n\n\n\n<figure class=\"wp-block-image size-large is-resized\"><img loading=\"lazy\" src=\"https:\/\/www.obispado-mdp.org.ar\/a\/wp-content\/uploads\/2025\/08\/IMG_4244-768x1024.jpg\" alt=\"\" class=\"wp-image-46982\" width=\"819\" height=\"1092\"\/><\/figure>\n\n\n\n<figure class=\"wp-block-image size-large\"><img loading=\"lazy\" width=\"1024\" height=\"768\" src=\"https:\/\/www.obispado-mdp.org.ar\/a\/wp-content\/uploads\/2025\/08\/IMG_4231-1024x768.jpg\" alt=\"\" class=\"wp-image-46983\"\/><\/figure>\n\n\n\n<figure class=\"wp-block-image size-large\"><img loading=\"lazy\" width=\"1024\" height=\"768\" src=\"https:\/\/www.obispado-mdp.org.ar\/a\/wp-content\/uploads\/2025\/08\/IMG_4227-1024x768.jpg\" alt=\"\" class=\"wp-image-46984\"\/><\/figure>\n","protected":false},"excerpt":{"rendered":"<p>La Fiesta de San Cayetano, patrono del Pan y del Trabajo, congreg\u00f3 hoy a una multitud en el santuario marplatense. En este marco, el obispo de Mar del Plata, monse\u00f1or Ernesto Giobando sj., pronunci\u00f3 una homil\u00eda centrada en el Evangelio de Lucas (12, 32\u201334). El Obispo inici\u00f3 la celebraci\u00f3n citando el pasaje b\u00edblico \u201cNo temas, [&hellip;]<\/p>\n","protected":false},"author":4,"featured_media":0,"comment_status":"open","ping_status":"open","sticky":false,"template":"","format":"standard","meta":{"_et_pb_use_builder":"","_et_pb_old_content":"","_et_gb_content_width":""},"categories":[4],"tags":[],"aioseo_notices":[],"_links":{"self":[{"href":"https:\/\/www.obispado-mdp.org.ar\/a\/wp-json\/wp\/v2\/posts\/46973"}],"collection":[{"href":"https:\/\/www.obispado-mdp.org.ar\/a\/wp-json\/wp\/v2\/posts"}],"about":[{"href":"https:\/\/www.obispado-mdp.org.ar\/a\/wp-json\/wp\/v2\/types\/post"}],"author":[{"embeddable":true,"href":"https:\/\/www.obispado-mdp.org.ar\/a\/wp-json\/wp\/v2\/users\/4"}],"replies":[{"embeddable":true,"href":"https:\/\/www.obispado-mdp.org.ar\/a\/wp-json\/wp\/v2\/comments?post=46973"}],"version-history":[{"count":1,"href":"https:\/\/www.obispado-mdp.org.ar\/a\/wp-json\/wp\/v2\/posts\/46973\/revisions"}],"predecessor-version":[{"id":46985,"href":"https:\/\/www.obispado-mdp.org.ar\/a\/wp-json\/wp\/v2\/posts\/46973\/revisions\/46985"}],"wp:attachment":[{"href":"https:\/\/www.obispado-mdp.org.ar\/a\/wp-json\/wp\/v2\/media?parent=46973"}],"wp:term":[{"taxonomy":"category","embeddable":true,"href":"https:\/\/www.obispado-mdp.org.ar\/a\/wp-json\/wp\/v2\/categories?post=46973"},{"taxonomy":"post_tag","embeddable":true,"href":"https:\/\/www.obispado-mdp.org.ar\/a\/wp-json\/wp\/v2\/tags?post=46973"}],"curies":[{"name":"wp","href":"https:\/\/api.w.org\/{rel}","templated":true}]}}