{"id":46986,"date":"2025-08-11T09:03:19","date_gmt":"2025-08-11T12:03:19","guid":{"rendered":"https:\/\/www.obispado-mdp.org.ar\/a\/?p=46986"},"modified":"2025-08-19T18:54:20","modified_gmt":"2025-08-19T21:54:20","slug":"con-el-documento-la-amistad-social-como-sueno-y-camino-concluyo-la-semana-social-nacional-en-mar-del-plata","status":"publish","type":"post","link":"https:\/\/www.obispado-mdp.org.ar\/a\/con-el-documento-la-amistad-social-como-sueno-y-camino-concluyo-la-semana-social-nacional-en-mar-del-plata\/","title":{"rendered":"Con el documento \u201cLa amistad social como sue\u00f1o y camino\u201d concluy\u00f3 la Semana Social nacional en Mar del Plata"},"content":{"rendered":"\n<p>Concluy\u00f3 la Semana Social que llev\u00f3 adelante en Mar del Plata la Comisi\u00f3n de Pastoral Social de la Conferencia Episcopal Argentina (CEA) con la colaboraci\u00f3n del Secretariado de Pastoral Social del Obispado de Mar del Plata. La misma tuvo lugar los d\u00edas 8, 9 y 10 de agosto en el Hotel 13 de Julio y reuni\u00f3 a los diferentes actores del \u00e1mbito social y pol\u00edtico en un marco de di\u00e1logo, encuentro y reflexi\u00f3n.&nbsp;<\/p>\n\n\n\n<p>En ese \u00e1mbito se present\u00f3 a la comunidad el proyecto \u201cCarros por la dignidad\u201d llevado adelante por alumnos de s\u00e9ptimo a\u00f1o de la escuela industrial orionita Pablo Tavelli, quienes dise\u00f1aron un carro ergon\u00f3mico con ejes livianos que busca reducir la fuerza de arrastre y minimizar el desgaste f\u00edsico de los recicladores urbanos.&nbsp; Los alumnos expresaron que \u201cel carro fue pensado no solo para mejorar la seguridad y capacidad de carga de los recicladores, sino tambi\u00e9n para decir con hechos que nos importa c\u00f3mo vive quien trabaja de esto, y que su esfuerzo merece reconocimiento, y no indiferencia. Con el carro modelo, presente en la Semana Social, se llev\u00f3 en procesi\u00f3n la imagen de la Virgen desde el hotel hacia la Iglesia Catedral en la que se celebr\u00f3 la Misa.<\/p>\n\n\n\n<p>El obispo diocesano, monse\u00f1or Ernesto Giobando sj., quien estuvo presente durante todas las jornadas junto al Secretariado Diocesano de Pastoral Social, presidi\u00f3 la Eucarist\u00eda el d\u00eda s\u00e1bado en la Iglesia Catedral la cual fue concelebrada por el presidente de la CEA, monse\u00f1or Marcelo Colombo y por el presidente de la Comisi\u00f3n de Pastoral Social, monse\u00f1or Dante Braida y por el cardenal Vicente Bokalic Iglic, adem\u00e1s de monse\u00f1or Pedro Cannav\u00f3 (auxiliar de Buenos Aires), monse\u00f1or Carlos Tissera (obispo de Quilmes), monse\u00f1or Mat\u00edas Vecino (auxiliar de Santa Fe), monse\u00f1or Juan Ignacio Li\u00e9bana (obispo de Chascom\u00fas) y monse\u00f1or Jos\u00e9 Antonio Diaz (obispo de Concepci\u00f3n).<\/p>\n\n\n\n<p>En su homil\u00eda, monse\u00f1or Giobando centr\u00f3 su reflexi\u00f3n en la invitaci\u00f3n de Jes\u00fas a \u201cestar preparados, ce\u00f1idas las vestiduras y con las l\u00e1mparas encendidas\u201d. Al respecto, expres\u00f3 que \u201cen la \u00faltima cena fue Jes\u00fas quien se ci\u00f1\u00f3 las vestiduras y lav\u00f3 los pies a los disc\u00edpulos, a quienes despu\u00e9s sirvi\u00f3 en la mesa\u201d y detall\u00f3 que \u201cel servicio define nuestra acci\u00f3n cristiana.\u201d<\/p>\n\n\n\n<p>\u201cLa Pastoral Social es particularmente un servicio ante una sociedad que muchas veces est\u00e1 rota y que vaci\u00f3 sus l\u00e1mparas y est\u00e1 sin esperanza\u201d, afirm\u00f3, y destac\u00f3 que \u201cestos d\u00edas pudimos ver en Francisco a un servidor que tuvo siempre la l\u00e1mpara encendida, que siempre estaba concentrado en ver c\u00f3mo iluminar, en descubrir al Se\u00f1or que siempre est\u00e1 presente y viene de muchas maneras.\u201d&nbsp;<\/p>\n\n\n\n<p>Como conclusi\u00f3n del encuentro se present\u00f3 el Documento Final que sintetiza lo reflexionado durante la Semana Social. All\u00ed se expresa que \u201cla Semana Social 2025 nos reafirma en la urgencia de un nuevo di\u00e1logo buscando la unidad como superaci\u00f3n creativa y la construcci\u00f3n de un proyecto para una Argentina justa, fraterna y solidaria que cuide nuestra Casa Com\u00fan donde todos seamos recibidos\u201d y brega por que \u201cla sabidur\u00eda del di\u00e1logo, la misericordia que acoge y la alegr\u00eda de la esperanza nos impulsen a involucrarnos y organizarnos como sociedad para tejer v\u00ednculos que hagan posible una Patria con verdadera Amistad Social y orientada al bien com\u00fan.\u201d<\/p>\n\n\n\n<p>Descarg\u00e1 el documento final:<\/p>\n\n\n\n<p><a href=\"https:\/\/pastoralsocial.org.ar\/2025\/08\/10\/semana-social-de-mar-del-plata-2025-documento-final\/?fbclid=PAZXh0bgNhZW0CMTEAAaf5ZEMfKJzZKrCKIWKczzxi5Z6jLV7HHJyvj_G3xaQYhnY_wxJFz-Xkn3QbsA_aem_mLHMr4gJyeSUh86gZigY4g\">Semana Social de Mar del Plata 2025 | Documento Final | Cepas<\/a><\/p>\n\n\n\n<p>Conoc\u00e9 m\u00e1s sobre los \u201cCarros por la dignidad\u201d:&nbsp;<\/p>\n\n\n\n<p><a href=\"https:\/\/pastoralsocial.org.ar\/2025\/08\/09\/el-carro-solidario-color-esperanza-para-los-cartoneros\/\">El Carro solidario color esperanza para los cartoneros | Cepas<\/a><\/p>\n\n\n\n<figure class=\"wp-block-image size-large\"><img loading=\"lazy\" width=\"1024\" height=\"682\" src=\"https:\/\/www.obispado-mdp.org.ar\/a\/wp-content\/uploads\/2025\/08\/PHOTO-2025-08-10-17-52-49_1-1024x682.jpg\" alt=\"\" class=\"wp-image-46992\"\/><\/figure>\n\n\n\n<figure class=\"wp-block-image size-large is-resized\"><img loading=\"lazy\" src=\"https:\/\/www.obispado-mdp.org.ar\/a\/wp-content\/uploads\/2025\/08\/PHOTO-2025-08-10-17-44-39_3-682x1024.jpg\" alt=\"\" class=\"wp-image-46989\" width=\"818\" height=\"1228\"\/><\/figure>\n\n\n\n<figure class=\"wp-block-image size-large\"><img loading=\"lazy\" width=\"1024\" height=\"682\" src=\"https:\/\/www.obispado-mdp.org.ar\/a\/wp-content\/uploads\/2025\/08\/PHOTO-2025-08-10-17-44-40_6-1024x682.jpg\" alt=\"\" class=\"wp-image-46987\"\/><\/figure>\n\n\n\n<figure class=\"wp-block-image size-large\"><img loading=\"lazy\" width=\"1024\" height=\"682\" src=\"https:\/\/www.obispado-mdp.org.ar\/a\/wp-content\/uploads\/2025\/08\/PHOTO-2025-08-10-17-44-40-1024x682.jpg\" alt=\"\" class=\"wp-image-46988\"\/><\/figure>\n\n\n\n<figure class=\"wp-block-image size-large\"><img loading=\"lazy\" width=\"1024\" height=\"682\" src=\"https:\/\/www.obispado-mdp.org.ar\/a\/wp-content\/uploads\/2025\/08\/PHOTO-2025-08-10-17-44-39_5-1024x682.jpg\" alt=\"\" class=\"wp-image-46990\"\/><\/figure>\n\n\n\n<figure class=\"wp-block-image size-large\"><img loading=\"lazy\" width=\"1024\" height=\"682\" src=\"https:\/\/www.obispado-mdp.org.ar\/a\/wp-content\/uploads\/2025\/08\/PHOTO-2025-08-10-17-52-52-1024x682.jpg\" alt=\"\" class=\"wp-image-46993\"\/><\/figure>\n\n\n\n<figure class=\"wp-block-image size-large\"><img loading=\"lazy\" width=\"1024\" height=\"682\" src=\"https:\/\/www.obispado-mdp.org.ar\/a\/wp-content\/uploads\/2025\/08\/PHOTO-2025-08-10-17-52-53_2-1024x682.jpg\" alt=\"\" class=\"wp-image-46997\"\/><\/figure>\n\n\n\n<figure class=\"wp-block-image size-large is-resized\"><img loading=\"lazy\" src=\"https:\/\/www.obispado-mdp.org.ar\/a\/wp-content\/uploads\/2025\/08\/PHOTO-2025-08-10-17-52-50-682x1024.jpg\" alt=\"\" class=\"wp-image-46994\" width=\"819\" height=\"1230\"\/><\/figure>\n\n\n\n<figure class=\"wp-block-image size-full is-resized\"><img loading=\"lazy\" src=\"https:\/\/www.obispado-mdp.org.ar\/a\/wp-content\/uploads\/2025\/08\/WhatsApp-Image-2025-08-09-at-08.48.06-1-560x420-1.jpeg\" alt=\"\" class=\"wp-image-46995\" width=\"825\" height=\"619\"\/><\/figure>\n\n\n\n<figure class=\"wp-block-image size-large\"><img loading=\"lazy\" width=\"1024\" height=\"682\" src=\"https:\/\/www.obispado-mdp.org.ar\/a\/wp-content\/uploads\/2025\/08\/PHOTO-2025-08-10-17-52-51-1024x682.jpg\" alt=\"\" class=\"wp-image-46996\"\/><\/figure>\n","protected":false},"excerpt":{"rendered":"<p>Concluy\u00f3 la Semana Social que llev\u00f3 adelante en Mar del Plata la Comisi\u00f3n de Pastoral Social de la Conferencia Episcopal Argentina (CEA) con la colaboraci\u00f3n del Secretariado de Pastoral Social del Obispado de Mar del Plata. La misma tuvo lugar los d\u00edas 8, 9 y 10 de agosto en el Hotel 13 de Julio y [&hellip;]<\/p>\n","protected":false},"author":4,"featured_media":0,"comment_status":"open","ping_status":"open","sticky":false,"template":"","format":"standard","meta":{"_et_pb_use_builder":"","_et_pb_old_content":"","_et_gb_content_width":""},"categories":[4],"tags":[],"aioseo_notices":[],"_links":{"self":[{"href":"https:\/\/www.obispado-mdp.org.ar\/a\/wp-json\/wp\/v2\/posts\/46986"}],"collection":[{"href":"https:\/\/www.obispado-mdp.org.ar\/a\/wp-json\/wp\/v2\/posts"}],"about":[{"href":"https:\/\/www.obispado-mdp.org.ar\/a\/wp-json\/wp\/v2\/types\/post"}],"author":[{"embeddable":true,"href":"https:\/\/www.obispado-mdp.org.ar\/a\/wp-json\/wp\/v2\/users\/4"}],"replies":[{"embeddable":true,"href":"https:\/\/www.obispado-mdp.org.ar\/a\/wp-json\/wp\/v2\/comments?post=46986"}],"version-history":[{"count":4,"href":"https:\/\/www.obispado-mdp.org.ar\/a\/wp-json\/wp\/v2\/posts\/46986\/revisions"}],"predecessor-version":[{"id":47158,"href":"https:\/\/www.obispado-mdp.org.ar\/a\/wp-json\/wp\/v2\/posts\/46986\/revisions\/47158"}],"wp:attachment":[{"href":"https:\/\/www.obispado-mdp.org.ar\/a\/wp-json\/wp\/v2\/media?parent=46986"}],"wp:term":[{"taxonomy":"category","embeddable":true,"href":"https:\/\/www.obispado-mdp.org.ar\/a\/wp-json\/wp\/v2\/categories?post=46986"},{"taxonomy":"post_tag","embeddable":true,"href":"https:\/\/www.obispado-mdp.org.ar\/a\/wp-json\/wp\/v2\/tags?post=46986"}],"curies":[{"name":"wp","href":"https:\/\/api.w.org\/{rel}","templated":true}]}}