{"id":47036,"date":"2025-08-12T16:32:43","date_gmt":"2025-08-12T19:32:43","guid":{"rendered":"https:\/\/www.obispado-mdp.org.ar\/a\/?p=47036"},"modified":"2025-08-12T16:32:44","modified_gmt":"2025-08-12T19:32:44","slug":"se-celebro-el-jubileo-de-los-diaconos","status":"publish","type":"post","link":"https:\/\/www.obispado-mdp.org.ar\/a\/se-celebro-el-jubileo-de-los-diaconos\/","title":{"rendered":"Se celebr\u00f3 el jubileo de los di\u00e1conos"},"content":{"rendered":"\n<p>Con una misa presidida por el obispo diocesano, monse\u00f1or Ernesto Giobando sj., se celebr\u00f3 el jubileo de los di\u00e1conos, quienes participaron de la Eucarist\u00eda y renovaron su compromiso de servicio desde esa vocaci\u00f3n espec\u00edfica.<\/p>\n\n\n\n<p>La celebraci\u00f3n se desarroll\u00f3 el pasado lunes 11 en la Iglesia Catedral y cont\u00f3 con la participaci\u00f3n, adem\u00e1s, de los sacerdotes que comparten con los di\u00e1conos la tarea pastoral en las parroquias en las que est\u00e1n destinados. Tambi\u00e9n asistieron siete candidatos al diaconado de diferentes comunidades de la di\u00f3cesis.<\/p>\n\n\n\n<p>A la luz del Evangelio que se proclam\u00f3, monse\u00f1or Giobando exhort\u00f3 a \u201cvivir en la Iglesia como hijos\u201d y asever\u00f3 que \u201cm\u00e1s all\u00e1 de las situaciones de dolor que como en toda familia podemos vivir, el Se\u00f1or nos invita a ordenar los afectos para que podamos servir y amar mejor, que es el centro de toda vocaci\u00f3n cristiana.<\/p>\n\n\n\n<p>Tambi\u00e9n comparti\u00f3 palabras del papa Francisco en el jubileo de los di\u00e1conos en Roma, tras recordar que fue en esos d\u00edas en los que en la di\u00f3cesis el Obispo iniciaba su ministerio pastoral. En esa l\u00ednea, los invit\u00f3 a ser \u201cservidores de la Palabra, del altar y de los pobres\u201d, y destac\u00f3 que \u201clos di\u00e1conos son quienes realizan el primer anuncio en \u00e1mbitos tan amplios que muchas veces son dif\u00edciles, ya que est\u00e1n en una familia, y en medio de las realidades del mundo.\u201d<\/p>\n\n\n\n<p>Finalmente evoc\u00f3 la figura del di\u00e1cono San Esteban y afirm\u00f3 que \u201ca veces hoy tambi\u00e9n nos pueden tirar piedras, pero esas piedras nos tienen que ayudar a recuperar la dimensi\u00f3n del perd\u00f3n, como tantos m\u00e1rtires: San Esteban, San Lorenzo\u201d, y pidi\u00f3 \u201cque ellos nos ayuden a ser fieles en el servicio y en la vocaci\u00f3n.\u201d<\/p>\n\n\n\n<p>Al final de la Misa, tanto monse\u00f1or Giobando como el padre Fernando Mendoza, responsable diocesano de la formaci\u00f3n de los di\u00e1conos y candidatos al diaconado, agradecieron su tarea como as\u00ed tambi\u00e9n a sus familias all\u00ed presentes, por acompa\u00f1arlos en esta misi\u00f3n.<\/p>\n\n\n\n<figure class=\"wp-block-image size-full\"><img loading=\"lazy\" width=\"640\" height=\"480\" src=\"https:\/\/www.obispado-mdp.org.ar\/a\/wp-content\/uploads\/2025\/08\/IMG_4676-1.jpg\" alt=\"\" class=\"wp-image-47039\"\/><\/figure>\n\n\n\n<figure class=\"wp-block-image size-full is-resized\"><img loading=\"lazy\" src=\"https:\/\/www.obispado-mdp.org.ar\/a\/wp-content\/uploads\/2025\/08\/IMG_4583.jpg\" alt=\"\" class=\"wp-image-47044\" width=\"645\" height=\"860\"\/><\/figure>\n\n\n\n<figure class=\"wp-block-image size-full\"><img loading=\"lazy\" width=\"640\" height=\"480\" src=\"https:\/\/www.obispado-mdp.org.ar\/a\/wp-content\/uploads\/2025\/08\/IMG_4594.jpg\" alt=\"\" class=\"wp-image-47045\"\/><\/figure>\n\n\n\n<figure class=\"wp-block-image size-full\"><img loading=\"lazy\" width=\"640\" height=\"480\" src=\"https:\/\/www.obispado-mdp.org.ar\/a\/wp-content\/uploads\/2025\/08\/IMG_4607.jpg\" alt=\"\" class=\"wp-image-47046\"\/><\/figure>\n\n\n\n<figure class=\"wp-block-image size-full is-resized\"><img loading=\"lazy\" src=\"https:\/\/www.obispado-mdp.org.ar\/a\/wp-content\/uploads\/2025\/08\/IMG_4617.jpg\" alt=\"\" class=\"wp-image-47047\" width=\"638\" height=\"851\"\/><\/figure>\n\n\n\n<figure class=\"wp-block-image size-full is-resized\"><img loading=\"lazy\" src=\"https:\/\/www.obispado-mdp.org.ar\/a\/wp-content\/uploads\/2025\/08\/IMG_4622.jpg\" alt=\"\" class=\"wp-image-47048\" width=\"640\" height=\"854\"\/><\/figure>\n\n\n\n<figure class=\"wp-block-image size-full\"><img loading=\"lazy\" width=\"640\" height=\"480\" src=\"https:\/\/www.obispado-mdp.org.ar\/a\/wp-content\/uploads\/2025\/08\/IMG_4632.jpg\" alt=\"\" class=\"wp-image-47049\"\/><\/figure>\n\n\n\n<figure class=\"wp-block-image size-full\"><img loading=\"lazy\" width=\"640\" height=\"480\" src=\"https:\/\/www.obispado-mdp.org.ar\/a\/wp-content\/uploads\/2025\/08\/IMG_4676-2.jpg\" alt=\"\" class=\"wp-image-47050\"\/><\/figure>\n\n\n\n<figure class=\"wp-block-image size-full is-resized\"><img loading=\"lazy\" src=\"https:\/\/www.obispado-mdp.org.ar\/a\/wp-content\/uploads\/2025\/08\/IMG_4641.jpg\" alt=\"\" class=\"wp-image-47051\" width=\"640\" height=\"853\"\/><\/figure>\n","protected":false},"excerpt":{"rendered":"<p>Con una misa presidida por el obispo diocesano, monse\u00f1or Ernesto Giobando sj., se celebr\u00f3 el jubileo de los di\u00e1conos, quienes participaron de la Eucarist\u00eda y renovaron su compromiso de servicio desde esa vocaci\u00f3n espec\u00edfica. La celebraci\u00f3n se desarroll\u00f3 el pasado lunes 11 en la Iglesia Catedral y cont\u00f3 con la participaci\u00f3n, adem\u00e1s, de los sacerdotes [&hellip;]<\/p>\n","protected":false},"author":4,"featured_media":0,"comment_status":"open","ping_status":"open","sticky":false,"template":"","format":"standard","meta":{"_et_pb_use_builder":"","_et_pb_old_content":"","_et_gb_content_width":""},"categories":[4],"tags":[],"aioseo_notices":[],"_links":{"self":[{"href":"https:\/\/www.obispado-mdp.org.ar\/a\/wp-json\/wp\/v2\/posts\/47036"}],"collection":[{"href":"https:\/\/www.obispado-mdp.org.ar\/a\/wp-json\/wp\/v2\/posts"}],"about":[{"href":"https:\/\/www.obispado-mdp.org.ar\/a\/wp-json\/wp\/v2\/types\/post"}],"author":[{"embeddable":true,"href":"https:\/\/www.obispado-mdp.org.ar\/a\/wp-json\/wp\/v2\/users\/4"}],"replies":[{"embeddable":true,"href":"https:\/\/www.obispado-mdp.org.ar\/a\/wp-json\/wp\/v2\/comments?post=47036"}],"version-history":[{"count":2,"href":"https:\/\/www.obispado-mdp.org.ar\/a\/wp-json\/wp\/v2\/posts\/47036\/revisions"}],"predecessor-version":[{"id":47052,"href":"https:\/\/www.obispado-mdp.org.ar\/a\/wp-json\/wp\/v2\/posts\/47036\/revisions\/47052"}],"wp:attachment":[{"href":"https:\/\/www.obispado-mdp.org.ar\/a\/wp-json\/wp\/v2\/media?parent=47036"}],"wp:term":[{"taxonomy":"category","embeddable":true,"href":"https:\/\/www.obispado-mdp.org.ar\/a\/wp-json\/wp\/v2\/categories?post=47036"},{"taxonomy":"post_tag","embeddable":true,"href":"https:\/\/www.obispado-mdp.org.ar\/a\/wp-json\/wp\/v2\/tags?post=47036"}],"curies":[{"name":"wp","href":"https:\/\/api.w.org\/{rel}","templated":true}]}}