{"id":47449,"date":"2025-09-07T20:51:02","date_gmt":"2025-09-07T23:51:02","guid":{"rendered":"https:\/\/www.obispado-mdp.org.ar\/a\/?p=47449"},"modified":"2025-09-07T20:56:49","modified_gmt":"2025-09-07T23:56:49","slug":"con-gran-participacion-se-realizo-la-3a-expo-esi-diocesana","status":"publish","type":"post","link":"https:\/\/www.obispado-mdp.org.ar\/a\/con-gran-participacion-se-realizo-la-3a-expo-esi-diocesana\/","title":{"rendered":"Con gran participaci\u00f3n, se realiz\u00f3 la 3\u00aa \u201cExpo ESI\u201d diocesana"},"content":{"rendered":"\n<p>Con m\u00e1s de 30 stands preparados por 19 escuelas cat\u00f3licas de Mar del Plata, Bat\u00e1n, Villa Gesell, Miramar, Cnel. Vidal y Gral. Pir\u00e1n, el pasado viernes 5 de septiembre se llev\u00f3 a cabo en el Colegio Nuestra Se\u00f1ora del Carmen la 3\u00aa edici\u00f3n de la \u201cExpo ESI\u201d diocesana, organizada por la Junta Regional de Educaci\u00f3n Cat\u00f3lica (JuREC).<\/p>\n\n\n\n<p>Bajo el lema \u201cFamiliarizArte\u201d, la propuesta gir\u00f3 en torno a la tem\u00e1tica de la familia, sus desaf\u00edos y potencialidades. Cada instituci\u00f3n hab\u00eda realizado previamente su propia muestra en la Semana de la Educaci\u00f3n Sexual Integral (ESI), establecida en el calendario escolar de la Provincia de Buenos Aires, y en esta instancia final present\u00f3 un stand representativo a modo de s\u00edntesis del trabajo desarrollado.<\/p>\n\n\n\n<p>En las palabras de apertura, el obispo diocesano monse\u00f1or Ernesto Giobando subray\u00f3 \u201cla importancia de ser cada uno artesanos y constructores de familia, no solo en la propia, sino tambi\u00e9n promoviendo un ambiente fraterno en nuestras escuelas, instituciones y en nuestra naci\u00f3n\u201d.<\/p>\n\n\n\n<p>Del acto tambi\u00e9n participaron el vicario episcopal de Educaci\u00f3n, presb\u00edtero Juan Cruz Mennilli, el presidente de JuREC Javier S\u00e1nchez, miembros de dicha Junta y autoridades de la DiEGEP. La muestra cont\u00f3 con la presencia de alumnos de distintos colegios junto a sus docentes, adem\u00e1s de familias y p\u00fablico en general que se acerc\u00f3 a recorrer los stands.<\/p>\n\n\n\n<p>Desde la JuREC recordaron que existe un \u00e1rea espec\u00edfica dedicada al abordaje de la Educaci\u00f3n Sexual Integral, coordinada por la Lic. Gabriela Tumini, que promueve encuentros de formaci\u00f3n y reflexi\u00f3n para docentes y familias. \u201cBuscamos fortalecer la tarea educativa de cada escuela en esta tem\u00e1tica transversal\u201d, indicaron. En esa l\u00ednea, a comienzos de este a\u00f1o se realiz\u00f3 una capacitaci\u00f3n a cargo de la Lic. Viviana M\u00e9ndez, titulada <em>\u201cEl arte de dise\u00f1ar espacios de protecci\u00f3n con valores, virtudes y l\u00edmites\u201d<\/em>.<\/p>\n\n\n\n<p>Al finalizar la jornada, se destac\u00f3 el entusiasmo de los estudiantes en la preparaci\u00f3n de sus propuestas y la buena recepci\u00f3n de las familias y visitantes, lo que consolid\u00f3 a la Expo como un espacio de encuentro, aprendizaje y celebraci\u00f3n compartida.<\/p>\n\n\n\n<figure class=\"wp-block-image size-large\"><img loading=\"lazy\" width=\"1024\" height=\"768\" src=\"https:\/\/www.obispado-mdp.org.ar\/a\/wp-content\/uploads\/2025\/09\/IMG_4204-1024x768.jpeg\" alt=\"\" class=\"wp-image-47461\"\/><\/figure>\n\n\n\n<figure class=\"wp-block-image size-large\"><img loading=\"lazy\" width=\"1024\" height=\"576\" src=\"https:\/\/www.obispado-mdp.org.ar\/a\/wp-content\/uploads\/2025\/09\/IMG_4205-1024x576.jpeg\" alt=\"\" class=\"wp-image-47462\"\/><\/figure>\n\n\n\n<figure class=\"wp-block-image size-large\"><img loading=\"lazy\" width=\"1024\" height=\"576\" src=\"https:\/\/www.obispado-mdp.org.ar\/a\/wp-content\/uploads\/2025\/09\/IMG_4206-1024x576.jpeg\" alt=\"\" class=\"wp-image-47463\"\/><\/figure>\n\n\n\n<figure class=\"wp-block-image size-large\"><img loading=\"lazy\" width=\"1024\" height=\"766\" src=\"https:\/\/www.obispado-mdp.org.ar\/a\/wp-content\/uploads\/2025\/09\/IMG_4201-1024x766.jpeg\" alt=\"\" class=\"wp-image-47464\"\/><\/figure>\n\n\n\n<figure class=\"wp-block-image size-large\"><img loading=\"lazy\" width=\"576\" height=\"1024\" src=\"https:\/\/www.obispado-mdp.org.ar\/a\/wp-content\/uploads\/2025\/09\/IMG_4202-1-576x1024.jpeg\" alt=\"\" class=\"wp-image-47466\"\/><\/figure>\n\n\n\n<figure class=\"wp-block-image size-large\"><img loading=\"lazy\" width=\"771\" height=\"1024\" src=\"https:\/\/www.obispado-mdp.org.ar\/a\/wp-content\/uploads\/2025\/09\/IMG_4203-771x1024.jpeg\" alt=\"\" class=\"wp-image-47467\"\/><\/figure>\n\n\n\n<figure class=\"wp-block-image size-large\"><img loading=\"lazy\" width=\"757\" height=\"1024\" src=\"https:\/\/www.obispado-mdp.org.ar\/a\/wp-content\/uploads\/2025\/09\/IMG_4198-757x1024.jpeg\" alt=\"\" class=\"wp-image-47468\"\/><\/figure>\n\n\n\n<figure class=\"wp-block-image size-large\"><img loading=\"lazy\" width=\"661\" height=\"1024\" src=\"https:\/\/www.obispado-mdp.org.ar\/a\/wp-content\/uploads\/2025\/09\/IMG_4197-661x1024.jpeg\" alt=\"\" class=\"wp-image-47473\"\/><\/figure>\n\n\n\n<figure class=\"wp-block-image size-large is-resized\"><img loading=\"lazy\" src=\"https:\/\/www.obispado-mdp.org.ar\/a\/wp-content\/uploads\/2025\/09\/IMG_4200-768x1024.jpeg\" alt=\"\" class=\"wp-image-47470\" width=\"374\" height=\"498\"\/><\/figure>\n\n\n\n<figure class=\"wp-block-image size-large\"><img loading=\"lazy\" width=\"1024\" height=\"768\" src=\"https:\/\/www.obispado-mdp.org.ar\/a\/wp-content\/uploads\/2025\/09\/IMG_4199-1-1024x768.jpeg\" alt=\"\" class=\"wp-image-47472\"\/><\/figure>\n\n\n\n<figure class=\"wp-block-image size-large\"><img loading=\"lazy\" width=\"753\" height=\"1024\" src=\"https:\/\/www.obispado-mdp.org.ar\/a\/wp-content\/uploads\/2025\/09\/IMG_4196-753x1024.jpeg\" alt=\"\" class=\"wp-image-47474\"\/><\/figure>\n\n\n\n<figure class=\"wp-block-image size-large is-resized\"><img loading=\"lazy\" src=\"https:\/\/www.obispado-mdp.org.ar\/a\/wp-content\/uploads\/2025\/09\/IMG_4195-1-540x1024.jpeg\" alt=\"\" class=\"wp-image-47475\" width=\"431\" height=\"817\"\/><\/figure>\n\n\n\n<figure class=\"wp-block-image size-large\"><img loading=\"lazy\" width=\"538\" height=\"1024\" src=\"https:\/\/www.obispado-mdp.org.ar\/a\/wp-content\/uploads\/2025\/09\/IMG_4194-538x1024.jpeg\" alt=\"\" class=\"wp-image-47476\"\/><\/figure>\n\n\n\n<figure class=\"wp-block-image size-large\"><img loading=\"lazy\" width=\"1024\" height=\"472\" src=\"https:\/\/www.obispado-mdp.org.ar\/a\/wp-content\/uploads\/2025\/09\/IMG_4193-1024x472.jpeg\" alt=\"\" class=\"wp-image-47477\"\/><\/figure>\n\n\n\n<p><\/p>\n\n\n\n<figure class=\"wp-block-image size-large\"><img loading=\"lazy\" width=\"704\" height=\"1024\" src=\"https:\/\/www.obispado-mdp.org.ar\/a\/wp-content\/uploads\/2025\/09\/IMG_4191-704x1024.jpeg\" alt=\"\" class=\"wp-image-47478\"\/><\/figure>\n\n\n\n<figure class=\"wp-block-image size-large\"><img loading=\"lazy\" width=\"631\" height=\"1024\" src=\"https:\/\/www.obispado-mdp.org.ar\/a\/wp-content\/uploads\/2025\/09\/IMG_4190-631x1024.jpeg\" alt=\"\" class=\"wp-image-47479\"\/><\/figure>\n\n\n\n<figure class=\"wp-block-image size-large\"><img loading=\"lazy\" width=\"518\" height=\"1024\" src=\"https:\/\/www.obispado-mdp.org.ar\/a\/wp-content\/uploads\/2025\/09\/IMG_4188-518x1024.jpeg\" alt=\"\" class=\"wp-image-47480\"\/><\/figure>\n","protected":false},"excerpt":{"rendered":"<p>Con m\u00e1s de 30 stands preparados por 19 escuelas cat\u00f3licas de Mar del Plata, Bat\u00e1n, Villa Gesell, Miramar, Cnel. Vidal y Gral. Pir\u00e1n, el pasado viernes 5 de septiembre se llev\u00f3 a cabo en el Colegio Nuestra Se\u00f1ora del Carmen la 3\u00aa edici\u00f3n de la \u201cExpo ESI\u201d diocesana, organizada por la Junta Regional de Educaci\u00f3n [&hellip;]<\/p>\n","protected":false},"author":4,"featured_media":0,"comment_status":"open","ping_status":"open","sticky":false,"template":"","format":"standard","meta":{"_et_pb_use_builder":"","_et_pb_old_content":"","_et_gb_content_width":""},"categories":[4],"tags":[],"aioseo_notices":[],"_links":{"self":[{"href":"https:\/\/www.obispado-mdp.org.ar\/a\/wp-json\/wp\/v2\/posts\/47449"}],"collection":[{"href":"https:\/\/www.obispado-mdp.org.ar\/a\/wp-json\/wp\/v2\/posts"}],"about":[{"href":"https:\/\/www.obispado-mdp.org.ar\/a\/wp-json\/wp\/v2\/types\/post"}],"author":[{"embeddable":true,"href":"https:\/\/www.obispado-mdp.org.ar\/a\/wp-json\/wp\/v2\/users\/4"}],"replies":[{"embeddable":true,"href":"https:\/\/www.obispado-mdp.org.ar\/a\/wp-json\/wp\/v2\/comments?post=47449"}],"version-history":[{"count":2,"href":"https:\/\/www.obispado-mdp.org.ar\/a\/wp-json\/wp\/v2\/posts\/47449\/revisions"}],"predecessor-version":[{"id":47481,"href":"https:\/\/www.obispado-mdp.org.ar\/a\/wp-json\/wp\/v2\/posts\/47449\/revisions\/47481"}],"wp:attachment":[{"href":"https:\/\/www.obispado-mdp.org.ar\/a\/wp-json\/wp\/v2\/media?parent=47449"}],"wp:term":[{"taxonomy":"category","embeddable":true,"href":"https:\/\/www.obispado-mdp.org.ar\/a\/wp-json\/wp\/v2\/categories?post=47449"},{"taxonomy":"post_tag","embeddable":true,"href":"https:\/\/www.obispado-mdp.org.ar\/a\/wp-json\/wp\/v2\/tags?post=47449"}],"curies":[{"name":"wp","href":"https:\/\/api.w.org\/{rel}","templated":true}]}}