{"id":47542,"date":"2025-09-22T14:39:23","date_gmt":"2025-09-22T17:39:23","guid":{"rendered":"https:\/\/www.obispado-mdp.org.ar\/a\/?p=47542"},"modified":"2025-09-22T14:57:02","modified_gmt":"2025-09-22T17:57:02","slug":"monsenor-giobando-recibio-al-senador-maximiliano-abad-quien-presento-estampillas-con-la-imagen-del-papa-francisco","status":"publish","type":"post","link":"https:\/\/www.obispado-mdp.org.ar\/a\/monsenor-giobando-recibio-al-senador-maximiliano-abad-quien-presento-estampillas-con-la-imagen-del-papa-francisco\/","title":{"rendered":"Monse\u00f1or Giobando recibi\u00f3 al senador Maximiliano Abad, quien present\u00f3 estampillas con la imagen del Papa Francisco"},"content":{"rendered":"\n<p>En la ma\u00f1ana del lunes 22, el obispo diocesano, monse\u00f1or Ernesto Giobando sj., recibi\u00f3 en audiencia al senador nacional Maximiliano Abad, acompa\u00f1ado por la presidente del Honorable Concejo Deliberante y vicerrectora electa de la Universidad Nacional de Mar del Plata, Marina S\u00e1nchez Herrero.<\/p>\n\n\n\n<p>Durante el encuentro, el senador Abad present\u00f3 al Obispo un ejemplar del sello postal del Correo Argentino en homenaje al Papa Francisco. En esa ocasi\u00f3n, entreg\u00f3 una carpeta con los dise\u00f1os previstos y subray\u00f3 que consideraba significativo compartir la iniciativa con el obispo de la di\u00f3cesis de la cual \u00e9l es oriundo, recordando adem\u00e1s el v\u00ednculo de monse\u00f1or Giobando con la Compa\u00f1\u00eda de Jes\u00fas y con Jorge Mario Bergoglio, a quien conoce desde su juventud.<\/p>\n\n\n\n<p>La reuni\u00f3n tambi\u00e9n permiti\u00f3 un intercambio sobre la realidad social actual. Monse\u00f1or Giobando expres\u00f3 su preocupaci\u00f3n por la situaci\u00f3n de los sectores m\u00e1s vulnerables, mientras que el senador Abad comparti\u00f3 su visi\u00f3n respecto de los desaf\u00edos pol\u00edticos y econ\u00f3micos del presente.<\/p>\n\n\n\n<p>En ese marco, el Obispo expres\u00f3 su anhelo de \u201cque el \u2018sello Francisco\u2019 siga presente en las decisiones pol\u00edticas y econ\u00f3micas, porque no cabe duda de que fue una figura que siempre busc\u00f3 la fraternidad y coloc\u00f3 en el centro a los m\u00e1s vulnerables, algo que hoy resulta imprescindible\u201d. Para finalizar el encuentro, monse\u00f1or Giobando entreg\u00f3 a Abad un rosario que le hab\u00eda sido dado por el papa Francisco, y le expres\u00f3 su compromiso de oraci\u00f3n y de cercan\u00eda con quienes tienen responsabilidades de gobierno y de conducci\u00f3n social.<\/p>\n\n\n\n<figure class=\"wp-block-image size-large\"><img loading=\"lazy\" width=\"1024\" height=\"768\" src=\"https:\/\/www.obispado-mdp.org.ar\/a\/wp-content\/uploads\/2025\/09\/Portadas-web-5-1024x768.png\" alt=\"\" class=\"wp-image-47544\"\/><\/figure>\n\n\n\n<figure class=\"wp-block-image size-large\"><img loading=\"lazy\" width=\"819\" height=\"1024\" src=\"https:\/\/www.obispado-mdp.org.ar\/a\/wp-content\/uploads\/2025\/09\/obispado-14-819x1024.jpg\" alt=\"\" class=\"wp-image-47543\"\/><\/figure>\n\n\n\n<figure class=\"wp-block-image size-large\"><img loading=\"lazy\" width=\"819\" height=\"1024\" src=\"https:\/\/www.obispado-mdp.org.ar\/a\/wp-content\/uploads\/2025\/09\/obispado-15-819x1024.jpg\" alt=\"\" class=\"wp-image-47545\"\/><\/figure>\n","protected":false},"excerpt":{"rendered":"<p>En la ma\u00f1ana del lunes 22, el obispo diocesano, monse\u00f1or Ernesto Giobando sj., recibi\u00f3 en audiencia al senador nacional Maximiliano Abad, acompa\u00f1ado por la presidente del Honorable Concejo Deliberante y vicerrectora electa de la Universidad Nacional de Mar del Plata, Marina S\u00e1nchez Herrero. Durante el encuentro, el senador Abad present\u00f3 al Obispo un ejemplar del [&hellip;]<\/p>\n","protected":false},"author":4,"featured_media":0,"comment_status":"open","ping_status":"open","sticky":false,"template":"","format":"standard","meta":{"_et_pb_use_builder":"","_et_pb_old_content":"","_et_gb_content_width":""},"categories":[4],"tags":[],"aioseo_notices":[],"_links":{"self":[{"href":"https:\/\/www.obispado-mdp.org.ar\/a\/wp-json\/wp\/v2\/posts\/47542"}],"collection":[{"href":"https:\/\/www.obispado-mdp.org.ar\/a\/wp-json\/wp\/v2\/posts"}],"about":[{"href":"https:\/\/www.obispado-mdp.org.ar\/a\/wp-json\/wp\/v2\/types\/post"}],"author":[{"embeddable":true,"href":"https:\/\/www.obispado-mdp.org.ar\/a\/wp-json\/wp\/v2\/users\/4"}],"replies":[{"embeddable":true,"href":"https:\/\/www.obispado-mdp.org.ar\/a\/wp-json\/wp\/v2\/comments?post=47542"}],"version-history":[{"count":2,"href":"https:\/\/www.obispado-mdp.org.ar\/a\/wp-json\/wp\/v2\/posts\/47542\/revisions"}],"predecessor-version":[{"id":47548,"href":"https:\/\/www.obispado-mdp.org.ar\/a\/wp-json\/wp\/v2\/posts\/47542\/revisions\/47548"}],"wp:attachment":[{"href":"https:\/\/www.obispado-mdp.org.ar\/a\/wp-json\/wp\/v2\/media?parent=47542"}],"wp:term":[{"taxonomy":"category","embeddable":true,"href":"https:\/\/www.obispado-mdp.org.ar\/a\/wp-json\/wp\/v2\/categories?post=47542"},{"taxonomy":"post_tag","embeddable":true,"href":"https:\/\/www.obispado-mdp.org.ar\/a\/wp-json\/wp\/v2\/tags?post=47542"}],"curies":[{"name":"wp","href":"https:\/\/api.w.org\/{rel}","templated":true}]}}