{"id":47779,"date":"2025-10-17T14:42:29","date_gmt":"2025-10-17T17:42:29","guid":{"rendered":"https:\/\/www.obispado-mdp.org.ar\/a\/?p=47779"},"modified":"2025-10-17T14:42:31","modified_gmt":"2025-10-17T17:42:31","slug":"el-clero-de-la-diocesis-concluyo-su-semana-anual-de-ejercicios-espirituales","status":"publish","type":"post","link":"https:\/\/www.obispado-mdp.org.ar\/a\/el-clero-de-la-diocesis-concluyo-su-semana-anual-de-ejercicios-espirituales\/","title":{"rendered":"El clero de la di\u00f3cesis concluy\u00f3 su semana anual de Ejercicios Espirituales&nbsp;"},"content":{"rendered":"\n<p>Del 13 al 17 de octubre, los sacerdotes de la di\u00f3cesis de Mar del Plata, junto a algunos di\u00e1conos, participaron de su retiro anual.<\/p>\n\n\n\n<p>Los Ejercicios Espirituales fueron predicados por el obispo diocesano, monse\u00f1or Ernesto Giobando S.J., quien acompa\u00f1\u00f3 las jornadas siguiendo el esquema propuesto por San Ignacio de Loyola, fundador de la Compa\u00f1\u00eda de Jes\u00fas. Cada d\u00eda, el obispo ofreci\u00f3 dos meditaciones para ayudar a los participantes a profundizar en la oraci\u00f3n y el discernimiento espiritual.<\/p>\n\n\n\n<p>Durante el retiro, los presb\u00edteros celebraron la Liturgia de las Horas y la Santa Misa diariamente, elevando sus oraciones por toda la di\u00f3cesis y por las comunidades que se les han confiado.<\/p>\n\n\n\n<p>Estos d\u00edas de silencio y encuentro con el Se\u00f1or fueron una valiosa oportunidad para renovar el esp\u00edritu y fortalecer la entrega al ministerio sacerdotal.<\/p>\n\n\n\n<figure class=\"wp-block-image size-full\"><img loading=\"lazy\" width=\"960\" height=\"704\" src=\"https:\/\/www.obispado-mdp.org.ar\/a\/wp-content\/uploads\/2025\/10\/44f205de-12d0-4983-9028-382177871bed.jpg\" alt=\"\" class=\"wp-image-47780\"\/><\/figure>\n\n\n\n<figure class=\"wp-block-image\"><img alt=\"\"\/><\/figure>\n\n\n\n<figure class=\"wp-block-image\"><img alt=\"\"\/><\/figure>\n\n\n\n<figure class=\"wp-block-image size-large\"><img loading=\"lazy\" width=\"1024\" height=\"461\" src=\"https:\/\/www.obispado-mdp.org.ar\/a\/wp-content\/uploads\/2025\/10\/32331acd-b088-4bc6-a614-8228c33ae518-1-1024x461.jpg\" alt=\"\" class=\"wp-image-47783\"\/><\/figure>\n","protected":false},"excerpt":{"rendered":"<p>Del 13 al 17 de octubre, los sacerdotes de la di\u00f3cesis de Mar del Plata, junto a algunos di\u00e1conos, participaron de su retiro anual. Los Ejercicios Espirituales fueron predicados por el obispo diocesano, monse\u00f1or Ernesto Giobando S.J., quien acompa\u00f1\u00f3 las jornadas siguiendo el esquema propuesto por San Ignacio de Loyola, fundador de la Compa\u00f1\u00eda de [&hellip;]<\/p>\n","protected":false},"author":4,"featured_media":0,"comment_status":"open","ping_status":"open","sticky":false,"template":"","format":"standard","meta":{"_et_pb_use_builder":"","_et_pb_old_content":"","_et_gb_content_width":""},"categories":[4],"tags":[],"aioseo_notices":[],"_links":{"self":[{"href":"https:\/\/www.obispado-mdp.org.ar\/a\/wp-json\/wp\/v2\/posts\/47779"}],"collection":[{"href":"https:\/\/www.obispado-mdp.org.ar\/a\/wp-json\/wp\/v2\/posts"}],"about":[{"href":"https:\/\/www.obispado-mdp.org.ar\/a\/wp-json\/wp\/v2\/types\/post"}],"author":[{"embeddable":true,"href":"https:\/\/www.obispado-mdp.org.ar\/a\/wp-json\/wp\/v2\/users\/4"}],"replies":[{"embeddable":true,"href":"https:\/\/www.obispado-mdp.org.ar\/a\/wp-json\/wp\/v2\/comments?post=47779"}],"version-history":[{"count":2,"href":"https:\/\/www.obispado-mdp.org.ar\/a\/wp-json\/wp\/v2\/posts\/47779\/revisions"}],"predecessor-version":[{"id":47786,"href":"https:\/\/www.obispado-mdp.org.ar\/a\/wp-json\/wp\/v2\/posts\/47779\/revisions\/47786"}],"wp:attachment":[{"href":"https:\/\/www.obispado-mdp.org.ar\/a\/wp-json\/wp\/v2\/media?parent=47779"}],"wp:term":[{"taxonomy":"category","embeddable":true,"href":"https:\/\/www.obispado-mdp.org.ar\/a\/wp-json\/wp\/v2\/categories?post=47779"},{"taxonomy":"post_tag","embeddable":true,"href":"https:\/\/www.obispado-mdp.org.ar\/a\/wp-json\/wp\/v2\/tags?post=47779"}],"curies":[{"name":"wp","href":"https:\/\/api.w.org\/{rel}","templated":true}]}}