{"id":47888,"date":"2025-10-21T21:50:00","date_gmt":"2025-10-22T00:50:00","guid":{"rendered":"https:\/\/www.obispado-mdp.org.ar\/a\/?p=47888"},"modified":"2025-10-25T22:01:08","modified_gmt":"2025-10-26T01:01:08","slug":"celebracion-en-honor-a-san-antonio-maria-gianelli","status":"publish","type":"post","link":"https:\/\/www.obispado-mdp.org.ar\/a\/celebracion-en-honor-a-san-antonio-maria-gianelli\/","title":{"rendered":"Celebraci\u00f3n en honor a San Antonio Mar\u00eda Gianelli"},"content":{"rendered":"\n<p>El obispo de Mar del Plata, monse\u00f1or Ernesto Giobando sj, presidi\u00f3 este martes 21 la misa en honor a San Antonio Mar\u00eda Gianelli en el colegio que lleva su nombre, acompa\u00f1ado por la comunidad educativa y las Hermanas del Huerto, congregaci\u00f3n fundada por el santo. Concelebr\u00f3 el capell\u00e1n del colegio, presb\u00edtero Alberto Abelda\u00f1o.<\/p>\n\n\n\n<p>Durante la celebraci\u00f3n, el obispo destac\u00f3 la figura de San Antonio Mar\u00eda Gianelli, quien supo vivir con un coraz\u00f3n atento a las necesidades de los dem\u00e1s y fund\u00f3 la congregaci\u00f3n de las Hijas de Mar\u00eda Sant\u00edsima del Huerto, presentes tambi\u00e9n en nuestra di\u00f3cesis al servicio de la educaci\u00f3n y la evangelizaci\u00f3n.<\/p>\n\n\n\n<p>En su homil\u00eda, monse\u00f1or Giobando invit\u00f3 a los alumnos y docentes a \u201cmantener la l\u00e1mpara encendida\u201d, recordando que \u201cestar despiertos significa no dormirnos ante las necesidades de los dem\u00e1s\u201d. Anim\u00f3 a los presentes a compartir con generosidad el coraz\u00f3n, que es el amor, y a ser luz y alegr\u00eda en la vida cotidiana.<\/p>\n\n\n\n<p>La jornada se vivi\u00f3 con gratitud y j\u00fabilo, recordando al santo fundador que contin\u00faa inspirando el camino educativo y pastoral de las Hermanas del Huerto en nuestra ciudad, especialmente en los colegios San Antonio Mar\u00eda Gianelli y Santa Cecilia.<\/p>\n\n\n\n<figure class=\"wp-block-image size-full is-resized\"><img loading=\"lazy\" src=\"https:\/\/www.obispado-mdp.org.ar\/a\/wp-content\/uploads\/2025\/10\/IMG_7773.jpg\" alt=\"\" class=\"wp-image-47889\" width=\"822\" height=\"617\"\/><\/figure>\n\n\n\n<figure class=\"wp-block-image size-full is-resized\"><img loading=\"lazy\" src=\"https:\/\/www.obispado-mdp.org.ar\/a\/wp-content\/uploads\/2025\/10\/IMG_7779.jpg\" alt=\"\" class=\"wp-image-47890\" width=\"821\" height=\"616\"\/><\/figure>\n\n\n\n<figure class=\"wp-block-image size-full is-resized\"><img loading=\"lazy\" src=\"https:\/\/www.obispado-mdp.org.ar\/a\/wp-content\/uploads\/2025\/10\/IMG_7760.jpg\" alt=\"\" class=\"wp-image-47891\" width=\"821\" height=\"1095\"\/><\/figure>\n\n\n\n<figure class=\"wp-block-image size-full is-resized\"><img loading=\"lazy\" src=\"https:\/\/www.obispado-mdp.org.ar\/a\/wp-content\/uploads\/2025\/10\/IMG_7783.jpg\" alt=\"\" class=\"wp-image-47892\" width=\"819\" height=\"1092\"\/><\/figure>\n\n\n\n<figure class=\"wp-block-image size-full is-resized\"><img loading=\"lazy\" src=\"https:\/\/www.obispado-mdp.org.ar\/a\/wp-content\/uploads\/2025\/10\/IMG_7815.jpg\" alt=\"\" class=\"wp-image-47893\" width=\"822\" height=\"1096\"\/><\/figure>\n\n\n\n<figure class=\"wp-block-image size-full is-resized\"><img loading=\"lazy\" src=\"https:\/\/www.obispado-mdp.org.ar\/a\/wp-content\/uploads\/2025\/10\/IMG_7803.jpg\" alt=\"\" class=\"wp-image-47894\" width=\"822\" height=\"1096\"\/><\/figure>\n\n\n\n<figure class=\"wp-block-image size-full is-resized\"><img loading=\"lazy\" src=\"https:\/\/www.obispado-mdp.org.ar\/a\/wp-content\/uploads\/2025\/10\/IMG_7758.jpg\" alt=\"\" class=\"wp-image-47895\" width=\"824\" height=\"1099\"\/><\/figure>\n","protected":false},"excerpt":{"rendered":"<p>El obispo de Mar del Plata, monse\u00f1or Ernesto Giobando sj, presidi\u00f3 este martes 21 la misa en honor a San Antonio Mar\u00eda Gianelli en el colegio que lleva su nombre, acompa\u00f1ado por la comunidad educativa y las Hermanas del Huerto, congregaci\u00f3n fundada por el santo. Concelebr\u00f3 el capell\u00e1n del colegio, presb\u00edtero Alberto Abelda\u00f1o. Durante la [&hellip;]<\/p>\n","protected":false},"author":4,"featured_media":0,"comment_status":"open","ping_status":"open","sticky":false,"template":"","format":"standard","meta":{"_et_pb_use_builder":"","_et_pb_old_content":"","_et_gb_content_width":""},"categories":[4],"tags":[],"aioseo_notices":[],"_links":{"self":[{"href":"https:\/\/www.obispado-mdp.org.ar\/a\/wp-json\/wp\/v2\/posts\/47888"}],"collection":[{"href":"https:\/\/www.obispado-mdp.org.ar\/a\/wp-json\/wp\/v2\/posts"}],"about":[{"href":"https:\/\/www.obispado-mdp.org.ar\/a\/wp-json\/wp\/v2\/types\/post"}],"author":[{"embeddable":true,"href":"https:\/\/www.obispado-mdp.org.ar\/a\/wp-json\/wp\/v2\/users\/4"}],"replies":[{"embeddable":true,"href":"https:\/\/www.obispado-mdp.org.ar\/a\/wp-json\/wp\/v2\/comments?post=47888"}],"version-history":[{"count":1,"href":"https:\/\/www.obispado-mdp.org.ar\/a\/wp-json\/wp\/v2\/posts\/47888\/revisions"}],"predecessor-version":[{"id":47896,"href":"https:\/\/www.obispado-mdp.org.ar\/a\/wp-json\/wp\/v2\/posts\/47888\/revisions\/47896"}],"wp:attachment":[{"href":"https:\/\/www.obispado-mdp.org.ar\/a\/wp-json\/wp\/v2\/media?parent=47888"}],"wp:term":[{"taxonomy":"category","embeddable":true,"href":"https:\/\/www.obispado-mdp.org.ar\/a\/wp-json\/wp\/v2\/categories?post=47888"},{"taxonomy":"post_tag","embeddable":true,"href":"https:\/\/www.obispado-mdp.org.ar\/a\/wp-json\/wp\/v2\/tags?post=47888"}],"curies":[{"name":"wp","href":"https:\/\/api.w.org\/{rel}","templated":true}]}}