{"id":48057,"date":"2026-01-09T18:30:00","date_gmt":"2026-01-09T21:30:00","guid":{"rendered":"https:\/\/www.obispado-mdp.org.ar\/a\/?p=48057"},"modified":"2025-12-01T17:56:41","modified_gmt":"2025-12-01T20:56:41","slug":"evangelio-segun-san-lucas-414-22a-2","status":"publish","type":"post","link":"https:\/\/www.obispado-mdp.org.ar\/a\/evangelio-segun-san-lucas-414-22a-2\/","title":{"rendered":"Evangelio seg\u00fan\u00a0San\u00a0Lucas\u00a04,14-22a."},"content":{"rendered":"\n<p>Jes\u00fas volvi\u00f3 a Galilea con el poder el Esp\u00edritu y su fama se extendi\u00f3 en toda la regi\u00f3n.<br>Ense\u00f1aba en las sinagogas y todos lo alababan.<br>Jes\u00fas fue a Nazaret, donde se hab\u00eda criado; el s\u00e1bado entr\u00f3 como de costumbre en la sinagoga y se levant\u00f3 para hacer la lectura.<br>Le presentaron el libro del profeta Isa\u00edas y, abri\u00e9ndolo, encontr\u00f3 el pasaje donde estaba escrito:<br>El Esp\u00edritu del Se\u00f1or est\u00e1 sobre m\u00ed, porque me ha consagrado por la unci\u00f3n. El me envi\u00f3 a llevar la Buena Noticia a los pobres, a anunciar la liberaci\u00f3n a los cautivos y la vista a los ciegos, a dar la libertad a los oprimidos<br>y proclamar un a\u00f1o de gracia del Se\u00f1or.<br>Jes\u00fas cerr\u00f3 el Libro, lo devolvi\u00f3 al ayudante y se sent\u00f3. Todos en la sinagoga ten\u00edan los ojos fijos en \u00e9l.<br>Entonces comenz\u00f3 a decirles: \u00abHoy se ha cumplido este pasaje de la Escritura que acaban de o\u00edr\u00bb.<br>Todos daban testimonio a favor de \u00e9l y estaban llenos de admiraci\u00f3n por las palabras de gracia que sal\u00edan de su boca.<\/p>\n\n\n\n<p class=\"has-text-align-right\"><em>Extra\u00eddo de la Biblia: Libro del Pueblo de Dios. <\/em><\/p>\n","protected":false},"excerpt":{"rendered":"<p>Jes\u00fas volvi\u00f3 a Galilea con el poder el Esp\u00edritu y su fama se extendi\u00f3 en toda la regi\u00f3n.Ense\u00f1aba en las sinagogas y todos lo alababan.Jes\u00fas fue a Nazaret, donde se hab\u00eda criado; el s\u00e1bado entr\u00f3 como de costumbre en la sinagoga y se levant\u00f3 para hacer la lectura.Le presentaron el libro del profeta Isa\u00edas y, [&hellip;]<\/p>\n","protected":false},"author":3,"featured_media":31440,"comment_status":"open","ping_status":"closed","sticky":false,"template":"","format":"standard","meta":{"_et_pb_use_builder":"off","_et_pb_old_content":"<!-- wp:paragraph -->\n<p> Al atardecer de ese mismo d\u00eda, el primero de la semana, estando cerradas las puertas del lugar donde se encontraban los disc\u00edpulos, por temor a los jud\u00edos, lleg\u00f3 Jes\u00fas y poni\u00e9ndose en medio de ellos, les dijo: \"\u00a1La paz est\u00e9 con ustedes!\".<br>Mientras dec\u00eda esto, les mostr\u00f3 sus manos y su costado. Los disc\u00edpulos se llenaron de alegr\u00eda cuando vieron al Se\u00f1or.<br>Jes\u00fas les dijo de nuevo: \"\u00a1La paz est\u00e9 con ustedes! Como el Padre me envi\u00f3 a m\u00ed, yo tambi\u00e9n los env\u00edo a ustedes\".<br>Al decirles esto, sopl\u00f3 sobre ellos y a\u00f1adi\u00f3: \"Reciban el Esp\u00edritu Santo.<br>Los pecados ser\u00e1n perdonados a los que ustedes se los perdonen, y ser\u00e1n retenidos a los que ustedes se los retengan\". <\/p>\n<!-- \/wp:paragraph -->\n\n<!-- wp:paragraph {\"align\":\"right\"} -->\n<p class=\"has-text-align-right\"><em>Extra\u00eddo de la Biblia: Libro del Pueblo de Dios. <\/em><\/p>\n<!-- \/wp:paragraph -->","_et_gb_content_width":""},"categories":[6],"tags":[],"aioseo_notices":[],"_links":{"self":[{"href":"https:\/\/www.obispado-mdp.org.ar\/a\/wp-json\/wp\/v2\/posts\/48057"}],"collection":[{"href":"https:\/\/www.obispado-mdp.org.ar\/a\/wp-json\/wp\/v2\/posts"}],"about":[{"href":"https:\/\/www.obispado-mdp.org.ar\/a\/wp-json\/wp\/v2\/types\/post"}],"author":[{"embeddable":true,"href":"https:\/\/www.obispado-mdp.org.ar\/a\/wp-json\/wp\/v2\/users\/3"}],"replies":[{"embeddable":true,"href":"https:\/\/www.obispado-mdp.org.ar\/a\/wp-json\/wp\/v2\/comments?post=48057"}],"version-history":[{"count":1,"href":"https:\/\/www.obispado-mdp.org.ar\/a\/wp-json\/wp\/v2\/posts\/48057\/revisions"}],"predecessor-version":[{"id":48058,"href":"https:\/\/www.obispado-mdp.org.ar\/a\/wp-json\/wp\/v2\/posts\/48057\/revisions\/48058"}],"wp:featuredmedia":[{"embeddable":true,"href":"https:\/\/www.obispado-mdp.org.ar\/a\/wp-json\/wp\/v2\/media\/31440"}],"wp:attachment":[{"href":"https:\/\/www.obispado-mdp.org.ar\/a\/wp-json\/wp\/v2\/media?parent=48057"}],"wp:term":[{"taxonomy":"category","embeddable":true,"href":"https:\/\/www.obispado-mdp.org.ar\/a\/wp-json\/wp\/v2\/categories?post=48057"},{"taxonomy":"post_tag","embeddable":true,"href":"https:\/\/www.obispado-mdp.org.ar\/a\/wp-json\/wp\/v2\/tags?post=48057"}],"curies":[{"name":"wp","href":"https:\/\/api.w.org\/{rel}","templated":true}]}}