{"id":48079,"date":"2026-01-19T18:30:00","date_gmt":"2026-01-19T21:30:00","guid":{"rendered":"https:\/\/www.obispado-mdp.org.ar\/a\/?p=48079"},"modified":"2025-12-01T18:13:35","modified_gmt":"2025-12-01T21:13:35","slug":"evangelio-segun-san-marcos-223-28-5","status":"publish","type":"post","link":"https:\/\/www.obispado-mdp.org.ar\/a\/evangelio-segun-san-marcos-223-28-5\/","title":{"rendered":"Evangelio seg\u00fan\u00a0San\u00a0Marcos\u00a02,23-28."},"content":{"rendered":"\n<p>Un s\u00e1bado en que Jes\u00fas atravesaba unos sembrados, sus disc\u00edpulos comenzaron a arrancar espigas al pasar.<br>Entonces los fariseos le dijeron: \u00ab\u00a1Mira! \u00bfPor qu\u00e9 hacen en s\u00e1bado lo que no est\u00e1 permitido?\u00bb.<br>El les respondi\u00f3: \u00ab\u00bfUstedes no han le\u00eddo nunca lo que hizo David, cuando \u00e9l y sus compa\u00f1eros se vieron obligados por el hambre,<br>c\u00f3mo entr\u00f3 en la Casa de Dios, en el tiempo del Sumo Sacerdote Abiatar, y comi\u00f3 y dio a sus compa\u00f1eros los panes de la ofrenda, que s\u00f3lo pueden comer los sacerdotes?\u00bb.<br>Y agreg\u00f3: \u00abEl s\u00e1bado ha sido hecho para el hombre, y no el hombre para el s\u00e1bado.<br>De manera que el Hijo del hombre es due\u00f1o tambi\u00e9n del s\u00e1bado\u00bb.<\/p>\n\n\n\n<p class=\"has-text-align-right\"><em>Extra\u00eddo de la Biblia: Libro del Pueblo de Dios. <\/em><\/p>\n","protected":false},"excerpt":{"rendered":"<p>Un s\u00e1bado en que Jes\u00fas atravesaba unos sembrados, sus disc\u00edpulos comenzaron a arrancar espigas al pasar.Entonces los fariseos le dijeron: \u00ab\u00a1Mira! \u00bfPor qu\u00e9 hacen en s\u00e1bado lo que no est\u00e1 permitido?\u00bb.El les respondi\u00f3: \u00ab\u00bfUstedes no han le\u00eddo nunca lo que hizo David, cuando \u00e9l y sus compa\u00f1eros se vieron obligados por el hambre,c\u00f3mo entr\u00f3 en [&hellip;]<\/p>\n","protected":false},"author":3,"featured_media":31452,"comment_status":"open","ping_status":"closed","sticky":false,"template":"","format":"standard","meta":{"_et_pb_use_builder":"off","_et_pb_old_content":"<!-- wp:paragraph -->\n<p> Al atardecer de ese mismo d\u00eda, el primero de la semana, estando cerradas las puertas del lugar donde se encontraban los disc\u00edpulos, por temor a los jud\u00edos, lleg\u00f3 Jes\u00fas y poni\u00e9ndose en medio de ellos, les dijo: \"\u00a1La paz est\u00e9 con ustedes!\".<br>Mientras dec\u00eda esto, les mostr\u00f3 sus manos y su costado. Los disc\u00edpulos se llenaron de alegr\u00eda cuando vieron al Se\u00f1or.<br>Jes\u00fas les dijo de nuevo: \"\u00a1La paz est\u00e9 con ustedes! Como el Padre me envi\u00f3 a m\u00ed, yo tambi\u00e9n los env\u00edo a ustedes\".<br>Al decirles esto, sopl\u00f3 sobre ellos y a\u00f1adi\u00f3: \"Reciban el Esp\u00edritu Santo.<br>Los pecados ser\u00e1n perdonados a los que ustedes se los perdonen, y ser\u00e1n retenidos a los que ustedes se los retengan\". <\/p>\n<!-- \/wp:paragraph -->\n\n<!-- wp:paragraph {\"align\":\"right\"} -->\n<p class=\"has-text-align-right\"><em>Extra\u00eddo de la Biblia: Libro del Pueblo de Dios. <\/em><\/p>\n<!-- \/wp:paragraph -->","_et_gb_content_width":""},"categories":[6],"tags":[],"aioseo_notices":[],"_links":{"self":[{"href":"https:\/\/www.obispado-mdp.org.ar\/a\/wp-json\/wp\/v2\/posts\/48079"}],"collection":[{"href":"https:\/\/www.obispado-mdp.org.ar\/a\/wp-json\/wp\/v2\/posts"}],"about":[{"href":"https:\/\/www.obispado-mdp.org.ar\/a\/wp-json\/wp\/v2\/types\/post"}],"author":[{"embeddable":true,"href":"https:\/\/www.obispado-mdp.org.ar\/a\/wp-json\/wp\/v2\/users\/3"}],"replies":[{"embeddable":true,"href":"https:\/\/www.obispado-mdp.org.ar\/a\/wp-json\/wp\/v2\/comments?post=48079"}],"version-history":[{"count":1,"href":"https:\/\/www.obispado-mdp.org.ar\/a\/wp-json\/wp\/v2\/posts\/48079\/revisions"}],"predecessor-version":[{"id":48080,"href":"https:\/\/www.obispado-mdp.org.ar\/a\/wp-json\/wp\/v2\/posts\/48079\/revisions\/48080"}],"wp:featuredmedia":[{"embeddable":true,"href":"https:\/\/www.obispado-mdp.org.ar\/a\/wp-json\/wp\/v2\/media\/31452"}],"wp:attachment":[{"href":"https:\/\/www.obispado-mdp.org.ar\/a\/wp-json\/wp\/v2\/media?parent=48079"}],"wp:term":[{"taxonomy":"category","embeddable":true,"href":"https:\/\/www.obispado-mdp.org.ar\/a\/wp-json\/wp\/v2\/categories?post=48079"},{"taxonomy":"post_tag","embeddable":true,"href":"https:\/\/www.obispado-mdp.org.ar\/a\/wp-json\/wp\/v2\/tags?post=48079"}],"curies":[{"name":"wp","href":"https:\/\/api.w.org\/{rel}","templated":true}]}}