{"id":48081,"date":"2026-01-20T18:30:00","date_gmt":"2026-01-20T21:30:00","guid":{"rendered":"https:\/\/www.obispado-mdp.org.ar\/a\/?p=48081"},"modified":"2025-12-01T18:14:36","modified_gmt":"2025-12-01T21:14:36","slug":"evangelio-segun-san-marcos-31-6-5","status":"publish","type":"post","link":"https:\/\/www.obispado-mdp.org.ar\/a\/evangelio-segun-san-marcos-31-6-5\/","title":{"rendered":"Evangelio seg\u00fan\u00a0San\u00a0Marcos\u00a03,1-6."},"content":{"rendered":"\n<p>Jes\u00fas entr\u00f3 nuevamente en una sinagoga, y hab\u00eda all\u00ed un hombre que ten\u00eda una mano paralizada.<br>Los fariseos observaban atentamente a Jes\u00fas para ver si lo curaba en s\u00e1bado, con el fin de acusarlo.<br>Jes\u00fas dijo al hombre de la mano paralizada: \u00abVen y col\u00f3cate aqu\u00ed delante\u00bb.<br>Y les dijo: \u00ab\u00bfEst\u00e1 permitido en s\u00e1bado hacer el bien o el mal, salvar una vida o perderla?\u00bb. Pero ellos callaron.<br>Entonces, dirigiendo sobre ellos una mirada llena de indignaci\u00f3n y apenado por la dureza de sus corazones, dijo al hombre: \u00abExtiende tu mano\u00bb. El la extendi\u00f3 y su mano qued\u00f3 curada.<br>Los fariseos salieron y se confabularon con los herodianos para buscar la forma de acabar con \u00e9l.<\/p>\n\n\n\n<p class=\"has-text-align-right\"><em>Extra\u00eddo de la Biblia: Libro del Pueblo de Dios. <\/em><\/p>\n","protected":false},"excerpt":{"rendered":"<p>Jes\u00fas entr\u00f3 nuevamente en una sinagoga, y hab\u00eda all\u00ed un hombre que ten\u00eda una mano paralizada.Los fariseos observaban atentamente a Jes\u00fas para ver si lo curaba en s\u00e1bado, con el fin de acusarlo.Jes\u00fas dijo al hombre de la mano paralizada: \u00abVen y col\u00f3cate aqu\u00ed delante\u00bb.Y les dijo: \u00ab\u00bfEst\u00e1 permitido en s\u00e1bado hacer el bien o [&hellip;]<\/p>\n","protected":false},"author":3,"featured_media":31453,"comment_status":"open","ping_status":"closed","sticky":false,"template":"","format":"standard","meta":{"_et_pb_use_builder":"off","_et_pb_old_content":"<!-- wp:paragraph -->\n<p> Al atardecer de ese mismo d\u00eda, el primero de la semana, estando cerradas las puertas del lugar donde se encontraban los disc\u00edpulos, por temor a los jud\u00edos, lleg\u00f3 Jes\u00fas y poni\u00e9ndose en medio de ellos, les dijo: \"\u00a1La paz est\u00e9 con ustedes!\".<br>Mientras dec\u00eda esto, les mostr\u00f3 sus manos y su costado. Los disc\u00edpulos se llenaron de alegr\u00eda cuando vieron al Se\u00f1or.<br>Jes\u00fas les dijo de nuevo: \"\u00a1La paz est\u00e9 con ustedes! Como el Padre me envi\u00f3 a m\u00ed, yo tambi\u00e9n los env\u00edo a ustedes\".<br>Al decirles esto, sopl\u00f3 sobre ellos y a\u00f1adi\u00f3: \"Reciban el Esp\u00edritu Santo.<br>Los pecados ser\u00e1n perdonados a los que ustedes se los perdonen, y ser\u00e1n retenidos a los que ustedes se los retengan\". <\/p>\n<!-- \/wp:paragraph -->\n\n<!-- wp:paragraph {\"align\":\"right\"} -->\n<p class=\"has-text-align-right\"><em>Extra\u00eddo de la Biblia: Libro del Pueblo de Dios. <\/em><\/p>\n<!-- \/wp:paragraph -->","_et_gb_content_width":""},"categories":[6],"tags":[],"aioseo_notices":[],"_links":{"self":[{"href":"https:\/\/www.obispado-mdp.org.ar\/a\/wp-json\/wp\/v2\/posts\/48081"}],"collection":[{"href":"https:\/\/www.obispado-mdp.org.ar\/a\/wp-json\/wp\/v2\/posts"}],"about":[{"href":"https:\/\/www.obispado-mdp.org.ar\/a\/wp-json\/wp\/v2\/types\/post"}],"author":[{"embeddable":true,"href":"https:\/\/www.obispado-mdp.org.ar\/a\/wp-json\/wp\/v2\/users\/3"}],"replies":[{"embeddable":true,"href":"https:\/\/www.obispado-mdp.org.ar\/a\/wp-json\/wp\/v2\/comments?post=48081"}],"version-history":[{"count":1,"href":"https:\/\/www.obispado-mdp.org.ar\/a\/wp-json\/wp\/v2\/posts\/48081\/revisions"}],"predecessor-version":[{"id":48082,"href":"https:\/\/www.obispado-mdp.org.ar\/a\/wp-json\/wp\/v2\/posts\/48081\/revisions\/48082"}],"wp:featuredmedia":[{"embeddable":true,"href":"https:\/\/www.obispado-mdp.org.ar\/a\/wp-json\/wp\/v2\/media\/31453"}],"wp:attachment":[{"href":"https:\/\/www.obispado-mdp.org.ar\/a\/wp-json\/wp\/v2\/media?parent=48081"}],"wp:term":[{"taxonomy":"category","embeddable":true,"href":"https:\/\/www.obispado-mdp.org.ar\/a\/wp-json\/wp\/v2\/categories?post=48081"},{"taxonomy":"post_tag","embeddable":true,"href":"https:\/\/www.obispado-mdp.org.ar\/a\/wp-json\/wp\/v2\/tags?post=48081"}],"curies":[{"name":"wp","href":"https:\/\/api.w.org\/{rel}","templated":true}]}}