{"id":48083,"date":"2026-01-21T18:30:00","date_gmt":"2026-01-21T21:30:00","guid":{"rendered":"https:\/\/www.obispado-mdp.org.ar\/a\/?p=48083"},"modified":"2025-12-01T18:15:26","modified_gmt":"2025-12-01T21:15:26","slug":"evangelio-segun-san-marcos-37-12-5","status":"publish","type":"post","link":"https:\/\/www.obispado-mdp.org.ar\/a\/evangelio-segun-san-marcos-37-12-5\/","title":{"rendered":"Evangelio seg\u00fan\u00a0San\u00a0Marcos\u00a03,7-12."},"content":{"rendered":"\n<p>Jes\u00fas se retir\u00f3 con sus disc\u00edpulos a la orilla del mar, y lo sigui\u00f3 mucha gente de Galilea.<br>Al enterarse de lo que hac\u00eda, tambi\u00e9n fue a su encuentro una gran multitud de Judea, de Jerusal\u00e9n, de Idumea, de la Transjordania y de la regi\u00f3n de Tiro y Sid\u00f3n.<br>Entonces mand\u00f3 a sus disc\u00edpulos que le prepararan una barca, para que la muchedumbre no lo apretujara.<br>Porque, como curaba a muchos, todos los que padec\u00edan alg\u00fan mal se arrojaban sobre \u00e9l para tocarlo.<br>Y los esp\u00edritus impuros, apenas lo ve\u00edan, se tiraban a sus pies, gritando: \u00ab\u00a1T\u00fa eres el Hijo de Dios!\u00bb.<br>Pero Jes\u00fas les ordenaba terminantemente que no lo pusieran de manifiesto.<\/p>\n\n\n\n<p class=\"has-text-align-right\"><em>Extra\u00eddo de la Biblia: Libro del Pueblo de Dios. <\/em><\/p>\n","protected":false},"excerpt":{"rendered":"<p>Jes\u00fas se retir\u00f3 con sus disc\u00edpulos a la orilla del mar, y lo sigui\u00f3 mucha gente de Galilea.Al enterarse de lo que hac\u00eda, tambi\u00e9n fue a su encuentro una gran multitud de Judea, de Jerusal\u00e9n, de Idumea, de la Transjordania y de la regi\u00f3n de Tiro y Sid\u00f3n.Entonces mand\u00f3 a sus disc\u00edpulos que le prepararan [&hellip;]<\/p>\n","protected":false},"author":3,"featured_media":31450,"comment_status":"open","ping_status":"closed","sticky":false,"template":"","format":"standard","meta":{"_et_pb_use_builder":"off","_et_pb_old_content":"<!-- wp:paragraph -->\n<p> Al atardecer de ese mismo d\u00eda, el primero de la semana, estando cerradas las puertas del lugar donde se encontraban los disc\u00edpulos, por temor a los jud\u00edos, lleg\u00f3 Jes\u00fas y poni\u00e9ndose en medio de ellos, les dijo: \"\u00a1La paz est\u00e9 con ustedes!\".<br>Mientras dec\u00eda esto, les mostr\u00f3 sus manos y su costado. Los disc\u00edpulos se llenaron de alegr\u00eda cuando vieron al Se\u00f1or.<br>Jes\u00fas les dijo de nuevo: \"\u00a1La paz est\u00e9 con ustedes! Como el Padre me envi\u00f3 a m\u00ed, yo tambi\u00e9n los env\u00edo a ustedes\".<br>Al decirles esto, sopl\u00f3 sobre ellos y a\u00f1adi\u00f3: \"Reciban el Esp\u00edritu Santo.<br>Los pecados ser\u00e1n perdonados a los que ustedes se los perdonen, y ser\u00e1n retenidos a los que ustedes se los retengan\". <\/p>\n<!-- \/wp:paragraph -->\n\n<!-- wp:paragraph {\"align\":\"right\"} -->\n<p class=\"has-text-align-right\"><em>Extra\u00eddo de la Biblia: Libro del Pueblo de Dios. <\/em><\/p>\n<!-- \/wp:paragraph -->","_et_gb_content_width":""},"categories":[6],"tags":[],"aioseo_notices":[],"_links":{"self":[{"href":"https:\/\/www.obispado-mdp.org.ar\/a\/wp-json\/wp\/v2\/posts\/48083"}],"collection":[{"href":"https:\/\/www.obispado-mdp.org.ar\/a\/wp-json\/wp\/v2\/posts"}],"about":[{"href":"https:\/\/www.obispado-mdp.org.ar\/a\/wp-json\/wp\/v2\/types\/post"}],"author":[{"embeddable":true,"href":"https:\/\/www.obispado-mdp.org.ar\/a\/wp-json\/wp\/v2\/users\/3"}],"replies":[{"embeddable":true,"href":"https:\/\/www.obispado-mdp.org.ar\/a\/wp-json\/wp\/v2\/comments?post=48083"}],"version-history":[{"count":1,"href":"https:\/\/www.obispado-mdp.org.ar\/a\/wp-json\/wp\/v2\/posts\/48083\/revisions"}],"predecessor-version":[{"id":48084,"href":"https:\/\/www.obispado-mdp.org.ar\/a\/wp-json\/wp\/v2\/posts\/48083\/revisions\/48084"}],"wp:featuredmedia":[{"embeddable":true,"href":"https:\/\/www.obispado-mdp.org.ar\/a\/wp-json\/wp\/v2\/media\/31450"}],"wp:attachment":[{"href":"https:\/\/www.obispado-mdp.org.ar\/a\/wp-json\/wp\/v2\/media?parent=48083"}],"wp:term":[{"taxonomy":"category","embeddable":true,"href":"https:\/\/www.obispado-mdp.org.ar\/a\/wp-json\/wp\/v2\/categories?post=48083"},{"taxonomy":"post_tag","embeddable":true,"href":"https:\/\/www.obispado-mdp.org.ar\/a\/wp-json\/wp\/v2\/tags?post=48083"}],"curies":[{"name":"wp","href":"https:\/\/api.w.org\/{rel}","templated":true}]}}