{"id":48085,"date":"2026-01-22T18:30:00","date_gmt":"2026-01-22T21:30:00","guid":{"rendered":"https:\/\/www.obispado-mdp.org.ar\/a\/?p=48085"},"modified":"2025-12-01T18:17:28","modified_gmt":"2025-12-01T21:17:28","slug":"evangelio-segun-san-lucas-157-66-6","status":"publish","type":"post","link":"https:\/\/www.obispado-mdp.org.ar\/a\/evangelio-segun-san-lucas-157-66-6\/","title":{"rendered":"Evangelio seg\u00fan\u00a0San\u00a0Marcos\u00a03,13-19."},"content":{"rendered":"\n<p>Jes\u00fas subi\u00f3 a la monta\u00f1a y llam\u00f3 a su lado a los que quiso. Ellos fueron hacia \u00e9l,<br>y Jes\u00fas instituy\u00f3 a doce para que estuvieran con \u00e9l, y para enviarlos a predicar<br>con el poder de expulsar a los demonios.<br>As\u00ed instituy\u00f3 a los Doce: Sim\u00f3n, al que puso el sobrenombre de Pedro;<br>Santiago, hijo de Zebedeo, y Juan, hermano de Santiago, a los que dio el nombre de Boanerges, es decir, hijos del trueno;<br>luego, Andr\u00e9s, Felipe, Bartolom\u00e9, Mateo, Tom\u00e1s, Santiago, hijo de Alfeo, Tadeo, Sim\u00f3n, el Cananeo,<br>y Judas Iscariote, el mismo que lo entreg\u00f3.<\/p>\n\n\n\n<p class=\"has-text-align-right\"><em>Extra\u00eddo de la Biblia: Libro del Pueblo de Dios. <\/em><\/p>\n","protected":false},"excerpt":{"rendered":"<p>Jes\u00fas subi\u00f3 a la monta\u00f1a y llam\u00f3 a su lado a los que quiso. Ellos fueron hacia \u00e9l,y Jes\u00fas instituy\u00f3 a doce para que estuvieran con \u00e9l, y para enviarlos a predicarcon el poder de expulsar a los demonios.As\u00ed instituy\u00f3 a los Doce: Sim\u00f3n, al que puso el sobrenombre de Pedro;Santiago, hijo de Zebedeo, y [&hellip;]<\/p>\n","protected":false},"author":3,"featured_media":31455,"comment_status":"open","ping_status":"closed","sticky":false,"template":"","format":"standard","meta":{"_et_pb_use_builder":"off","_et_pb_old_content":"<!-- wp:paragraph -->\n<p> Al atardecer de ese mismo d\u00eda, el primero de la semana, estando cerradas las puertas del lugar donde se encontraban los disc\u00edpulos, por temor a los jud\u00edos, lleg\u00f3 Jes\u00fas y poni\u00e9ndose en medio de ellos, les dijo: \"\u00a1La paz est\u00e9 con ustedes!\".<br>Mientras dec\u00eda esto, les mostr\u00f3 sus manos y su costado. Los disc\u00edpulos se llenaron de alegr\u00eda cuando vieron al Se\u00f1or.<br>Jes\u00fas les dijo de nuevo: \"\u00a1La paz est\u00e9 con ustedes! Como el Padre me envi\u00f3 a m\u00ed, yo tambi\u00e9n los env\u00edo a ustedes\".<br>Al decirles esto, sopl\u00f3 sobre ellos y a\u00f1adi\u00f3: \"Reciban el Esp\u00edritu Santo.<br>Los pecados ser\u00e1n perdonados a los que ustedes se los perdonen, y ser\u00e1n retenidos a los que ustedes se los retengan\". <\/p>\n<!-- \/wp:paragraph -->\n\n<!-- wp:paragraph {\"align\":\"right\"} -->\n<p class=\"has-text-align-right\"><em>Extra\u00eddo de la Biblia: Libro del Pueblo de Dios. <\/em><\/p>\n<!-- \/wp:paragraph -->","_et_gb_content_width":""},"categories":[6],"tags":[],"aioseo_notices":[],"_links":{"self":[{"href":"https:\/\/www.obispado-mdp.org.ar\/a\/wp-json\/wp\/v2\/posts\/48085"}],"collection":[{"href":"https:\/\/www.obispado-mdp.org.ar\/a\/wp-json\/wp\/v2\/posts"}],"about":[{"href":"https:\/\/www.obispado-mdp.org.ar\/a\/wp-json\/wp\/v2\/types\/post"}],"author":[{"embeddable":true,"href":"https:\/\/www.obispado-mdp.org.ar\/a\/wp-json\/wp\/v2\/users\/3"}],"replies":[{"embeddable":true,"href":"https:\/\/www.obispado-mdp.org.ar\/a\/wp-json\/wp\/v2\/comments?post=48085"}],"version-history":[{"count":2,"href":"https:\/\/www.obispado-mdp.org.ar\/a\/wp-json\/wp\/v2\/posts\/48085\/revisions"}],"predecessor-version":[{"id":48088,"href":"https:\/\/www.obispado-mdp.org.ar\/a\/wp-json\/wp\/v2\/posts\/48085\/revisions\/48088"}],"wp:featuredmedia":[{"embeddable":true,"href":"https:\/\/www.obispado-mdp.org.ar\/a\/wp-json\/wp\/v2\/media\/31455"}],"wp:attachment":[{"href":"https:\/\/www.obispado-mdp.org.ar\/a\/wp-json\/wp\/v2\/media?parent=48085"}],"wp:term":[{"taxonomy":"category","embeddable":true,"href":"https:\/\/www.obispado-mdp.org.ar\/a\/wp-json\/wp\/v2\/categories?post=48085"},{"taxonomy":"post_tag","embeddable":true,"href":"https:\/\/www.obispado-mdp.org.ar\/a\/wp-json\/wp\/v2\/tags?post=48085"}],"curies":[{"name":"wp","href":"https:\/\/api.w.org\/{rel}","templated":true}]}}