{"id":48285,"date":"2025-12-12T13:50:23","date_gmt":"2025-12-12T16:50:23","guid":{"rendered":"https:\/\/www.obispado-mdp.org.ar\/a\/?p=48285"},"modified":"2025-12-12T13:50:24","modified_gmt":"2025-12-12T16:50:24","slug":"sacerdote-de-gregorio-de-laferrere-prestara-servicio-en-nuestra-diocesis","status":"publish","type":"post","link":"https:\/\/www.obispado-mdp.org.ar\/a\/sacerdote-de-gregorio-de-laferrere-prestara-servicio-en-nuestra-diocesis\/","title":{"rendered":"Sacerdote de Gregorio de Laferrere prestar\u00e1 servicio en nuestra di\u00f3cesis"},"content":{"rendered":"\n<p>El obispo diocesano, monse\u00f1or Ernesto Giobando sj., inform\u00f3 mediante circular de Canciller\u00eda acerca de la llegada a Mar del Plata de un sacerdote perteneciente a la di\u00f3cesis de Gregorio de Laferrere. Se trata del presb\u00edtero Carlos Gim\u00e9nez, quien por cuestiones familiares debi\u00f3 trasladarse a nuestra ciudad.<\/p>\n\n\n\n<p>El padre Carlos ejercer\u00e1 su ministerio como sacerdote colaborador en la Parroquia \u201cSan Pio de Pietrelcina\u201d.<\/p>\n\n\n\n<figure class=\"wp-block-image size-full\"><img loading=\"lazy\" width=\"900\" height=\"781\" src=\"https:\/\/www.obispado-mdp.org.ar\/a\/wp-content\/uploads\/2025\/12\/d8f97f2d-3217-4ccc-a40a-d2a9c07853bb.jpg\" alt=\"\" class=\"wp-image-48286\"\/><\/figure>\n","protected":false},"excerpt":{"rendered":"<p>El obispo diocesano, monse\u00f1or Ernesto Giobando sj., inform\u00f3 mediante circular de Canciller\u00eda acerca de la llegada a Mar del Plata de un sacerdote perteneciente a la di\u00f3cesis de Gregorio de Laferrere. Se trata del presb\u00edtero Carlos Gim\u00e9nez, quien por cuestiones familiares debi\u00f3 trasladarse a nuestra ciudad. El padre Carlos ejercer\u00e1 su ministerio como sacerdote colaborador [&hellip;]<\/p>\n","protected":false},"author":4,"featured_media":0,"comment_status":"open","ping_status":"open","sticky":false,"template":"","format":"standard","meta":{"_et_pb_use_builder":"","_et_pb_old_content":"","_et_gb_content_width":""},"categories":[4],"tags":[],"aioseo_notices":[],"_links":{"self":[{"href":"https:\/\/www.obispado-mdp.org.ar\/a\/wp-json\/wp\/v2\/posts\/48285"}],"collection":[{"href":"https:\/\/www.obispado-mdp.org.ar\/a\/wp-json\/wp\/v2\/posts"}],"about":[{"href":"https:\/\/www.obispado-mdp.org.ar\/a\/wp-json\/wp\/v2\/types\/post"}],"author":[{"embeddable":true,"href":"https:\/\/www.obispado-mdp.org.ar\/a\/wp-json\/wp\/v2\/users\/4"}],"replies":[{"embeddable":true,"href":"https:\/\/www.obispado-mdp.org.ar\/a\/wp-json\/wp\/v2\/comments?post=48285"}],"version-history":[{"count":1,"href":"https:\/\/www.obispado-mdp.org.ar\/a\/wp-json\/wp\/v2\/posts\/48285\/revisions"}],"predecessor-version":[{"id":48287,"href":"https:\/\/www.obispado-mdp.org.ar\/a\/wp-json\/wp\/v2\/posts\/48285\/revisions\/48287"}],"wp:attachment":[{"href":"https:\/\/www.obispado-mdp.org.ar\/a\/wp-json\/wp\/v2\/media?parent=48285"}],"wp:term":[{"taxonomy":"category","embeddable":true,"href":"https:\/\/www.obispado-mdp.org.ar\/a\/wp-json\/wp\/v2\/categories?post=48285"},{"taxonomy":"post_tag","embeddable":true,"href":"https:\/\/www.obispado-mdp.org.ar\/a\/wp-json\/wp\/v2\/tags?post=48285"}],"curies":[{"name":"wp","href":"https:\/\/api.w.org\/{rel}","templated":true}]}}