{"id":48290,"date":"2025-12-10T21:29:00","date_gmt":"2025-12-11T00:29:00","guid":{"rendered":"https:\/\/www.obispado-mdp.org.ar\/a\/?p=48290"},"modified":"2025-12-13T21:31:29","modified_gmt":"2025-12-14T00:31:29","slug":"en-la-misa-de-cierre-de-ano-de-las-escuelas-de-la-diocesis-se-entregaron-los-nuevos-idearios-y-se-bendijo-a-la-nueva-jurec","status":"publish","type":"post","link":"https:\/\/www.obispado-mdp.org.ar\/a\/en-la-misa-de-cierre-de-ano-de-las-escuelas-de-la-diocesis-se-entregaron-los-nuevos-idearios-y-se-bendijo-a-la-nueva-jurec\/","title":{"rendered":"<strong>En la Misa de cierre de a\u00f1o de las escuelas de la di\u00f3cesis se entregaron los nuevos Idearios y se bendijo a la nueva JuREC<\/strong>"},"content":{"rendered":"\n<p>Se celebr\u00f3 en la Iglesia Catedral el pasado mi\u00e9rcoles 10 la Misa de cierre del ciclo lectivo de la Junta Regional de Educaci\u00f3n Cat\u00f3lica (JUREC), dando de gracias por el trabajo y compromiso de las comunidades educativas de la di\u00f3cesis durante todo el a\u00f1o. La Eucarist\u00eda fue presidida por el obispo diocesano, monse\u00f1or Ernesto Giobando SJ, y concelebrada por el vicario episcopal de Educaci\u00f3n, presb\u00edtero Juan Cruz Mennilli, junto a sacerdotes p\u00e1rrocos y capellanes de escuelas de distintos puntos de la di\u00f3cesis. Entre las autoridades presentes se destac\u00f3 la del secretario de Educaci\u00f3n de la Municipalidad, Fernando Rizzi; la inspectora jefe regional de DiEGeP Regi\u00f3n 19, Carolina Di Alessio; y la secretaria general del SADOP filial Mar del Plata, Carla Mancuso, entre otros.<\/p>\n\n\n\n<p>En su homil\u00eda, el obispo retom\u00f3 palabras del Papa Le\u00f3n XIV, quien a sesenta a\u00f1os de la declaraci\u00f3n <em>Gravissimum educationis<\/em> invita a pensar la educaci\u00f3n como una gran constelaci\u00f3n, donde distintos actores y proyectos se articulan para ofrecer nuevos mapas de esperanza. En ese horizonte, record\u00f3 que el Pacto Educativo Global funciona como una estrella polar, que nos orienta a poner a la persona en el centro, cuidar la casa com\u00fan y construir v\u00ednculos capaces de transformar la realidad.<\/p>\n\n\n\n<p>Durante las ofrendas, se destac\u00f3 la participaci\u00f3n de Lara y Emma, alumnas elegidas junto a otros miembros de las distintas comunidades educativas como <em>\u201crostros de la esperanza\u201d<\/em> en el marco del Jubileo de la Educaci\u00f3n celebrado semanas atr\u00e1s. Ellas acercaron el pan y el vino, mientras que miembros de la Cooperativa de Recicladores RUM presentaron un bols\u00f3n como signo del proyecto de reciclado que se desarrolla en once escuelas de la di\u00f3cesis. Los estudiantes separan all\u00ed los residuos reciclables, que luego son retirados por la cooperativa, generando un compromiso concreto con el cuidado de la casa com\u00fan y fortaleciendo el v\u00ednculo entre comunidades educativas y trabajadores.<\/p>\n\n\n\n<p>Hacia el final de la celebraci\u00f3n, alumnas que participaron del proyecto \u201cAlas y Ra\u00edces\u201d, Mercedes Garc\u00eda y Victoria Lobos, acompa\u00f1adas por la profesora Valeria Rodr\u00edguez, leyeron la proclama del Encuentro Nacional, realizado en la Ciudad de Buenos Aires con 80 estudiantes de todo el pa\u00eds, tras haber pasado por instancias previas en sus escuelas y a nivel diocesano.<\/p>\n\n\n\n<p>Seguidamente monse\u00f1or Giobando bendijo los nuevos Idearios del Proyecto Educativo y Pastoral de las Escuelas del Obispado, fruto de un largo proceso de escucha, discernimiento y trabajo comunitario. Los idearios fueron entregados a representantes de cada una de las escuelas por Rub\u00e9n Primo Fern\u00e1ndez y Lorena Carrero, quienes coordinaron el equipo redactor, en colaboraci\u00f3n con el presb\u00edtero Juan Cruz Mennilli. El obispo destac\u00f3 que estos documentos son m\u00e1s que palabras: son ideales compartidos que orientan, renuevan la esperanza y ayudan a encarnar la misi\u00f3n educativa en la vida cotidiana de las escuelas, en sinton\u00eda con el Pacto Educativo Global.\u201d<\/p>\n\n\n\n<p>Seguidamente el vicario episcopal de Educaci\u00f3n agradeci\u00f3 a los miembros de la JUREC y a las comunidades educativas, destacando que la construcci\u00f3n del ideario se bas\u00f3 en la escucha y en el conocimiento de la realidad, destacando los miles de kil\u00f3metros que se realizan durante el a\u00f1o desde la Junta para acompa\u00f1ar personalmente cada escuela. Se\u00f1al\u00f3 adem\u00e1s el valor de los proyectos desarrollados, como el reciclado, las instancias de formaci\u00f3n y de celebraci\u00f3n con los distintos niveles, el encuentro cultural y deportivo y la exposiciones de Educaci\u00f3n Sexual Integral, y anticip\u00f3 que en el pr\u00f3ximo ciclo se profundizar\u00e1 el acompa\u00f1amiento a las familias y el abordaje de las adicciones en todas las edades. Resalt\u00f3 tambi\u00e9n la importancia de fortalecer la dimensi\u00f3n pastoral y de mantener un estilo sinodal, con los habituales encuentros de directivos, catequistas, referentes de ESI y representantes legales.<\/p>\n\n\n\n<p>Otro momento central de la celebraci\u00f3n fue la renovaci\u00f3n de la JUREC. El canciller del Obispado, presb\u00edtero Ezequiel Kseim, ley\u00f3 el decreto mediante el cual el obispo, habiendo finalizado el mandato anterior, nombr\u00f3 oficialmente a los nuevos integrantes para un per\u00edodo de tres a\u00f1os. As\u00ed, se confirm\u00f3 a Dante Javier S\u00e1nchez como presidente, acompa\u00f1ado por Fernando Javier Navarra como vicepresidente y Lorena Flabia Carrero como secretaria ejecutiva. La tesorer\u00eda qued\u00f3 a cargo de Anabella Viviana Battiata, mientras que Rub\u00e9n Primo Fern\u00e1ndez contin\u00faa con la coordinaci\u00f3n del Departamento de Gesti\u00f3n Educativa. En el departamento de Pastoral y ESI, la coordinaci\u00f3n estar\u00e1 a cargo de Gabriela Ver\u00f3nica Tumini, con asesor\u00eda pastoral del presb\u00edtero Hugo Gonzalo Domench. La coordinaci\u00f3n de escuelas del Obispado ser\u00e1 responsabilidad de Marcelo Gabriel Lazzari, y de escuelas congregacionales, de Ver\u00f3nica Gonz\u00e1lez. La Asesor\u00eda General estar\u00e1 a cargo de Mar\u00eda Silvina Zahaid, la Asesor\u00eda Legal de Ana Laura Vulcano, y la Asesor\u00eda Contable de Jorge Ra\u00fal Gonz\u00e1lez Bande, con asistencia de Catalina Florencia de Arrieta, como asesora adjunta. La Secretar\u00eda Administrativa ser\u00e1 desempe\u00f1ada por Andrea S\u00e1nchez.<\/p>\n\n\n\n<p>Finalmente, el presidente de la JUREC, Javier S\u00e1nchez, agradeci\u00f3 al obispo por la confianza renovada, a todas las comunidades educativas por el acompa\u00f1amiento y destac\u00f3 el valor del trabajo en equipo y del camino compartido como estilo propio de la Junta.<\/p>\n\n\n\n<figure class=\"wp-block-image size-large\"><img loading=\"lazy\" width=\"1024\" height=\"916\" src=\"https:\/\/www.obispado-mdp.org.ar\/a\/wp-content\/uploads\/2025\/12\/WhatsApp-Image-2025-12-13-at-7.54.10-PM-1-1024x916.jpeg\" alt=\"\" class=\"wp-image-48298\"\/><\/figure>\n\n\n\n<figure class=\"wp-block-image size-large is-resized\"><img loading=\"lazy\" src=\"https:\/\/www.obispado-mdp.org.ar\/a\/wp-content\/uploads\/2025\/12\/WhatsApp-Image-2025-12-13-at-7.54.15-PM-768x1024.jpeg\" alt=\"\" class=\"wp-image-48293\" width=\"816\" height=\"1088\"\/><\/figure>\n\n\n\n<figure class=\"wp-block-image size-large\"><img loading=\"lazy\" width=\"1024\" height=\"836\" src=\"https:\/\/www.obispado-mdp.org.ar\/a\/wp-content\/uploads\/2025\/12\/WhatsApp-Image-2025-12-13-at-7.54.18-PM-1024x836.jpeg\" alt=\"\" class=\"wp-image-48291\"\/><\/figure>\n\n\n\n<figure class=\"wp-block-image size-large\"><img loading=\"lazy\" width=\"1024\" height=\"860\" src=\"https:\/\/www.obispado-mdp.org.ar\/a\/wp-content\/uploads\/2025\/12\/WhatsApp-Image-2025-12-13-at-7.54.21-PM-1024x860.jpeg\" alt=\"\" class=\"wp-image-48292\"\/><\/figure>\n\n\n\n<figure class=\"wp-block-image size-large\"><img loading=\"lazy\" width=\"1024\" height=\"812\" src=\"https:\/\/www.obispado-mdp.org.ar\/a\/wp-content\/uploads\/2025\/12\/WhatsApp-Image-2025-12-13-at-7.54.09-PM-1024x812.jpeg\" alt=\"\" class=\"wp-image-48294\"\/><\/figure>\n\n\n\n<figure class=\"wp-block-image size-large\"><img loading=\"lazy\" width=\"1024\" height=\"808\" src=\"https:\/\/www.obispado-mdp.org.ar\/a\/wp-content\/uploads\/2025\/12\/WhatsApp-Image-2025-12-13-at-7.54.20-PM-1-1024x808.jpeg\" alt=\"\" class=\"wp-image-48295\"\/><\/figure>\n\n\n\n<figure class=\"wp-block-image size-large is-resized\"><img loading=\"lazy\" src=\"https:\/\/www.obispado-mdp.org.ar\/a\/wp-content\/uploads\/2025\/12\/WhatsApp-Image-2025-12-13-at-7.54.15-PM-1-768x1024.jpeg\" alt=\"\" class=\"wp-image-48297\" width=\"814\" height=\"1085\"\/><\/figure>\n\n\n\n<figure class=\"wp-block-image size-large is-resized\"><img loading=\"lazy\" src=\"https:\/\/www.obispado-mdp.org.ar\/a\/wp-content\/uploads\/2025\/12\/WhatsApp-Image-2025-12-13-at-7.54.17-PM-642x1024.jpeg\" alt=\"\" class=\"wp-image-48296\" width=\"821\" height=\"1310\"\/><\/figure>\n\n\n\n<figure class=\"wp-block-image size-large\"><img loading=\"lazy\" width=\"857\" height=\"1024\" src=\"https:\/\/www.obispado-mdp.org.ar\/a\/wp-content\/uploads\/2025\/12\/WhatsApp-Image-2025-12-13-at-7.54.18-PM-1-857x1024.jpeg\" alt=\"\" class=\"wp-image-48302\"\/><\/figure>\n\n\n\n<figure class=\"wp-block-image size-large is-resized\"><img loading=\"lazy\" src=\"https:\/\/www.obispado-mdp.org.ar\/a\/wp-content\/uploads\/2025\/12\/WhatsApp-Image-2025-12-13-at-7.54.16-PM-1-621x1024.jpeg\" alt=\"\" class=\"wp-image-48301\" width=\"821\" height=\"1354\"\/><\/figure>\n\n\n\n<figure class=\"wp-block-image size-large is-resized\"><img loading=\"lazy\" src=\"https:\/\/www.obispado-mdp.org.ar\/a\/wp-content\/uploads\/2025\/12\/WhatsApp-Image-2025-12-13-at-7.54.12-PM-768x1024.jpeg\" alt=\"\" class=\"wp-image-48299\" width=\"816\" height=\"1088\"\/><\/figure>\n\n\n\n<figure class=\"wp-block-image size-large is-resized\"><img loading=\"lazy\" src=\"https:\/\/www.obispado-mdp.org.ar\/a\/wp-content\/uploads\/2025\/12\/WhatsApp-Image-2025-12-13-at-7.54.11-PM-768x1024.jpeg\" alt=\"\" class=\"wp-image-48300\" width=\"816\" height=\"1088\"\/><\/figure>\n","protected":false},"excerpt":{"rendered":"<p>Se celebr\u00f3 en la Iglesia Catedral el pasado mi\u00e9rcoles 10 la Misa de cierre del ciclo lectivo de la Junta Regional de Educaci\u00f3n Cat\u00f3lica (JUREC), dando de gracias por el trabajo y compromiso de las comunidades educativas de la di\u00f3cesis durante todo el a\u00f1o. La Eucarist\u00eda fue presidida por el obispo diocesano, monse\u00f1or Ernesto Giobando [&hellip;]<\/p>\n","protected":false},"author":4,"featured_media":0,"comment_status":"open","ping_status":"open","sticky":false,"template":"","format":"standard","meta":{"_et_pb_use_builder":"","_et_pb_old_content":"","_et_gb_content_width":""},"categories":[4],"tags":[],"aioseo_notices":[],"_links":{"self":[{"href":"https:\/\/www.obispado-mdp.org.ar\/a\/wp-json\/wp\/v2\/posts\/48290"}],"collection":[{"href":"https:\/\/www.obispado-mdp.org.ar\/a\/wp-json\/wp\/v2\/posts"}],"about":[{"href":"https:\/\/www.obispado-mdp.org.ar\/a\/wp-json\/wp\/v2\/types\/post"}],"author":[{"embeddable":true,"href":"https:\/\/www.obispado-mdp.org.ar\/a\/wp-json\/wp\/v2\/users\/4"}],"replies":[{"embeddable":true,"href":"https:\/\/www.obispado-mdp.org.ar\/a\/wp-json\/wp\/v2\/comments?post=48290"}],"version-history":[{"count":1,"href":"https:\/\/www.obispado-mdp.org.ar\/a\/wp-json\/wp\/v2\/posts\/48290\/revisions"}],"predecessor-version":[{"id":48303,"href":"https:\/\/www.obispado-mdp.org.ar\/a\/wp-json\/wp\/v2\/posts\/48290\/revisions\/48303"}],"wp:attachment":[{"href":"https:\/\/www.obispado-mdp.org.ar\/a\/wp-json\/wp\/v2\/media?parent=48290"}],"wp:term":[{"taxonomy":"category","embeddable":true,"href":"https:\/\/www.obispado-mdp.org.ar\/a\/wp-json\/wp\/v2\/categories?post=48290"},{"taxonomy":"post_tag","embeddable":true,"href":"https:\/\/www.obispado-mdp.org.ar\/a\/wp-json\/wp\/v2\/tags?post=48290"}],"curies":[{"name":"wp","href":"https:\/\/api.w.org\/{rel}","templated":true}]}}