{"id":48304,"date":"2025-12-15T09:26:00","date_gmt":"2025-12-15T12:26:00","guid":{"rendered":"https:\/\/www.obispado-mdp.org.ar\/a\/?p=48304"},"modified":"2025-12-17T09:27:56","modified_gmt":"2025-12-17T12:27:56","slug":"el-obispo-realizo-la-tradicional-bendicion-de-las-aguas-que-da-inicio-a-la-temporada-estival","status":"publish","type":"post","link":"https:\/\/www.obispado-mdp.org.ar\/a\/el-obispo-realizo-la-tradicional-bendicion-de-las-aguas-que-da-inicio-a-la-temporada-estival\/","title":{"rendered":"El Obispo realiz\u00f3 la tradicional bendici\u00f3n de las aguas que da inicio a la temporada estival"},"content":{"rendered":"\n<p>Este lunes 15, en la Escalera Imperial del Paseo Las Toscas, el obispo diocesano, monse\u00f1or Ernesto Giobando SJ, realiz\u00f3 la tradicional bendici\u00f3n de las aguas, acto con el que la ciudad dio inicio oficial a la temporada estival 2025\u20132026. La ceremonia fue presidida por el intendente interino Agust\u00edn Neme y cont\u00f3 con la participaci\u00f3n de funcionarios y vecinos.<\/p>\n\n\n\n<p>En ese marco, y con el mar como horizonte, el Obispo pronunci\u00f3 la bendici\u00f3n del mar y de la temporada 2025-2026, expresando:<\/p>\n\n\n\n<p>\u201cFrente al mar, frente a Dios\u201d es la letra del tango que expresa nuestra actitud que brota en estas hermosas playas, con todas nuestras preguntas y exiguas respuestas. \u201cFrente al mar\u201d bendecimos est\u00e1s aguas y pedimos que esta temporada sea de verdadero descanso para los turistas y de trabajo para los marplatenses.<br>Pedimos que los guardavidas sean como los pastores que vigilan el reba\u00f1o confiado en cada playa. Frente a nuestras sierras tambi\u00e9n, en esos rincones que nos hacen detener la marcha y agradecer por tanta belleza en la creaci\u00f3n.<\/p>\n\n\n\n<p>Pedimos que haya buen tiempo, salud y trabajo digno para todos, que el sol se derrame suavemente y la brisa refresque nuestros cuerpos, necesitados de descanso. Que no haya excesos desmedidos y seamos pac\u00edficos en la manera de tratarnos, deponiendo toda violencia.<\/p>\n\n\n\n<p>Las vacaciones son un derecho y tambi\u00e9n un regalo, que no sean un privilegio de algunos pocos y una nostalgia de muchos, trabajando para que seamos un pa\u00eds m\u00e1s justo y equitativo.<\/p>\n\n\n\n<p>\u201cFrente a Dios\u201d es la oportunidad que tenemos, el mar y las sierras tienen trascendencia y nos conectancon la inmensidad de su horizonte. Que los veraneantes puedan descansar en el esp\u00edritu y conectarse con los afectos de los seres queridos y la naturaleza que nos pide cuidado y respeto.<br><\/p>\n\n\n\n<p>Le damos la bienvenida a los turistas a la Costa y a las Sierras, que sepamos ser buenos anfitriones y juntos permitamos que pasen unas felices vacaciones. Frente al mar con toda su energ\u00eda y frente a Dios con todo su amor y cercan\u00eda. Am\u00e9n.<\/p>\n\n\n\n<figure class=\"wp-block-image size-large\"><img loading=\"lazy\" width=\"1024\" height=\"768\" src=\"https:\/\/www.obispado-mdp.org.ar\/a\/wp-content\/uploads\/2025\/12\/WhatsApp-Image-2025-12-15-at-8.59.50-PM-1024x768.jpeg\" alt=\"\" class=\"wp-image-48305\"\/><\/figure>\n\n\n\n<figure class=\"wp-block-image size-large\"><img loading=\"lazy\" width=\"768\" height=\"1024\" src=\"https:\/\/www.obispado-mdp.org.ar\/a\/wp-content\/uploads\/2025\/12\/WhatsApp-Image-2025-12-15-at-8.59.52-PM-768x1024.jpeg\" alt=\"\" class=\"wp-image-48306\"\/><\/figure>\n\n\n\n<figure class=\"wp-block-image size-large\"><img loading=\"lazy\" width=\"1024\" height=\"768\" src=\"https:\/\/www.obispado-mdp.org.ar\/a\/wp-content\/uploads\/2025\/12\/WhatsApp-Image-2025-12-15-at-8.59.50-PM-1-1024x768.jpeg\" alt=\"\" class=\"wp-image-48307\"\/><\/figure>\n\n\n\n<figure class=\"wp-block-image size-large\"><img loading=\"lazy\" width=\"1024\" height=\"768\" src=\"https:\/\/www.obispado-mdp.org.ar\/a\/wp-content\/uploads\/2025\/12\/WhatsApp-Image-2025-12-15-at-8.59.54-PM-1024x768.jpeg\" alt=\"\" class=\"wp-image-48308\"\/><\/figure>\n","protected":false},"excerpt":{"rendered":"<p>Este lunes 15, en la Escalera Imperial del Paseo Las Toscas, el obispo diocesano, monse\u00f1or Ernesto Giobando SJ, realiz\u00f3 la tradicional bendici\u00f3n de las aguas, acto con el que la ciudad dio inicio oficial a la temporada estival 2025\u20132026. La ceremonia fue presidida por el intendente interino Agust\u00edn Neme y cont\u00f3 con la participaci\u00f3n de [&hellip;]<\/p>\n","protected":false},"author":4,"featured_media":0,"comment_status":"open","ping_status":"open","sticky":false,"template":"","format":"standard","meta":{"_et_pb_use_builder":"","_et_pb_old_content":"","_et_gb_content_width":""},"categories":[4],"tags":[],"aioseo_notices":[],"_links":{"self":[{"href":"https:\/\/www.obispado-mdp.org.ar\/a\/wp-json\/wp\/v2\/posts\/48304"}],"collection":[{"href":"https:\/\/www.obispado-mdp.org.ar\/a\/wp-json\/wp\/v2\/posts"}],"about":[{"href":"https:\/\/www.obispado-mdp.org.ar\/a\/wp-json\/wp\/v2\/types\/post"}],"author":[{"embeddable":true,"href":"https:\/\/www.obispado-mdp.org.ar\/a\/wp-json\/wp\/v2\/users\/4"}],"replies":[{"embeddable":true,"href":"https:\/\/www.obispado-mdp.org.ar\/a\/wp-json\/wp\/v2\/comments?post=48304"}],"version-history":[{"count":1,"href":"https:\/\/www.obispado-mdp.org.ar\/a\/wp-json\/wp\/v2\/posts\/48304\/revisions"}],"predecessor-version":[{"id":48309,"href":"https:\/\/www.obispado-mdp.org.ar\/a\/wp-json\/wp\/v2\/posts\/48304\/revisions\/48309"}],"wp:attachment":[{"href":"https:\/\/www.obispado-mdp.org.ar\/a\/wp-json\/wp\/v2\/media?parent=48304"}],"wp:term":[{"taxonomy":"category","embeddable":true,"href":"https:\/\/www.obispado-mdp.org.ar\/a\/wp-json\/wp\/v2\/categories?post=48304"},{"taxonomy":"post_tag","embeddable":true,"href":"https:\/\/www.obispado-mdp.org.ar\/a\/wp-json\/wp\/v2\/tags?post=48304"}],"curies":[{"name":"wp","href":"https:\/\/api.w.org\/{rel}","templated":true}]}}