{"id":48310,"date":"2025-12-13T09:28:00","date_gmt":"2025-12-13T12:28:00","guid":{"rendered":"https:\/\/www.obispado-mdp.org.ar\/a\/?p=48310"},"modified":"2025-12-17T09:29:27","modified_gmt":"2025-12-17T12:29:27","slug":"el-obispo-participo-de-la-firma-del-convenio-entre-la-universidad-del-salvador-y-el-instituto-universitario-escuela-universitaria-de-teologia","status":"publish","type":"post","link":"https:\/\/www.obispado-mdp.org.ar\/a\/el-obispo-participo-de-la-firma-del-convenio-entre-la-universidad-del-salvador-y-el-instituto-universitario-escuela-universitaria-de-teologia\/","title":{"rendered":"El Obispo particip\u00f3 de la firma del Convenio entre la Universidad del Salvador y el Instituto Universitario Escuela Universitaria de Teolog\u00eda&nbsp;"},"content":{"rendered":"\n<p>El pasado s\u00e1bado, 13 de diciembre, se firm\u00f3 el convenio&nbsp; entre la Universidad del Salvador (USAL) y la Escuela Universitaria de Teolog\u00eda (EUT). El encuentro cont\u00f3 con la presencia de nuestro obispo diocesano, monse\u00f1or Dr. Ernesto Giobando SJ; el Rector de la EUT, presb\u00edtero Dr. Luis Alb\u00f3niga; el Rector de la USAL, Dr. Carlos Salvadores de Arzuaga; el Presidente del Consejo de Rectores de Universidades Privadas (CRUP), Dr. Juan Carlos Mena; y el Vicerrector de la EUT, Esp. Rub\u00e9n Primo Fern\u00e1ndez.<\/p>\n\n\n\n<p>El acuerdo suscripto corresponde a un convenio marco de cooperaci\u00f3n acad\u00e9mica, que abrir\u00e1 nuevas experiencias de intercambio y complementaci\u00f3n curricular, fortaleciendo el camino de la formaci\u00f3n universitaria y el trabajo conjunto entre ambas instituciones.<\/p>\n\n\n\n<figure class=\"wp-block-image size-large\"><img loading=\"lazy\" width=\"1024\" height=\"692\" src=\"https:\/\/www.obispado-mdp.org.ar\/a\/wp-content\/uploads\/2025\/12\/WhatsApp-Image-2025-12-13-at-11.54.15-AM-1024x692.jpeg\" alt=\"\" class=\"wp-image-48311\"\/><\/figure>\n","protected":false},"excerpt":{"rendered":"<p>El pasado s\u00e1bado, 13 de diciembre, se firm\u00f3 el convenio&nbsp; entre la Universidad del Salvador (USAL) y la Escuela Universitaria de Teolog\u00eda (EUT). El encuentro cont\u00f3 con la presencia de nuestro obispo diocesano, monse\u00f1or Dr. Ernesto Giobando SJ; el Rector de la EUT, presb\u00edtero Dr. Luis Alb\u00f3niga; el Rector de la USAL, Dr. Carlos Salvadores [&hellip;]<\/p>\n","protected":false},"author":4,"featured_media":0,"comment_status":"open","ping_status":"open","sticky":false,"template":"","format":"standard","meta":{"_et_pb_use_builder":"","_et_pb_old_content":"","_et_gb_content_width":""},"categories":[4],"tags":[],"aioseo_notices":[],"_links":{"self":[{"href":"https:\/\/www.obispado-mdp.org.ar\/a\/wp-json\/wp\/v2\/posts\/48310"}],"collection":[{"href":"https:\/\/www.obispado-mdp.org.ar\/a\/wp-json\/wp\/v2\/posts"}],"about":[{"href":"https:\/\/www.obispado-mdp.org.ar\/a\/wp-json\/wp\/v2\/types\/post"}],"author":[{"embeddable":true,"href":"https:\/\/www.obispado-mdp.org.ar\/a\/wp-json\/wp\/v2\/users\/4"}],"replies":[{"embeddable":true,"href":"https:\/\/www.obispado-mdp.org.ar\/a\/wp-json\/wp\/v2\/comments?post=48310"}],"version-history":[{"count":1,"href":"https:\/\/www.obispado-mdp.org.ar\/a\/wp-json\/wp\/v2\/posts\/48310\/revisions"}],"predecessor-version":[{"id":48312,"href":"https:\/\/www.obispado-mdp.org.ar\/a\/wp-json\/wp\/v2\/posts\/48310\/revisions\/48312"}],"wp:attachment":[{"href":"https:\/\/www.obispado-mdp.org.ar\/a\/wp-json\/wp\/v2\/media?parent=48310"}],"wp:term":[{"taxonomy":"category","embeddable":true,"href":"https:\/\/www.obispado-mdp.org.ar\/a\/wp-json\/wp\/v2\/categories?post=48310"},{"taxonomy":"post_tag","embeddable":true,"href":"https:\/\/www.obispado-mdp.org.ar\/a\/wp-json\/wp\/v2\/tags?post=48310"}],"curies":[{"name":"wp","href":"https:\/\/api.w.org\/{rel}","templated":true}]}}