{"id":48328,"date":"2025-12-19T11:45:25","date_gmt":"2025-12-19T14:45:25","guid":{"rendered":"https:\/\/www.obispado-mdp.org.ar\/a\/?p=48328"},"modified":"2025-12-19T11:46:39","modified_gmt":"2025-12-19T14:46:39","slug":"el-padre-lucas-di-leva-nuevo-parroco-de-cristo-resucitado","status":"publish","type":"post","link":"https:\/\/www.obispado-mdp.org.ar\/a\/el-padre-lucas-di-leva-nuevo-parroco-de-cristo-resucitado\/","title":{"rendered":"El padre Lucas Di Leva, nuevo p\u00e1rroco de Cristo Resucitado"},"content":{"rendered":"\n<p>El obispo diocesano, monse\u00f1or Ernesto Giobando s.j. ha designado al Pbro. Lucas Ezequiel Di Leva como p\u00e1rroco de la Parroquia \u201cCristo Resucitado\u201d de Mar del Plata.<\/p>\n\n\n\n<p>El padre Lucas tomar\u00e1 posesi\u00f3n como nuevo p\u00e1rroco el lunes 9 de febrero de 2026 a las 17 hs.<\/p>\n\n\n\n<figure class=\"wp-block-image size-large\"><img loading=\"lazy\" width=\"1024\" height=\"1024\" src=\"https:\/\/www.obispado-mdp.org.ar\/a\/wp-content\/uploads\/2025\/12\/6e811d80-a3e3-4709-8b4b-8f0e482cbf12-1024x1024.jpeg\" alt=\"\" class=\"wp-image-48329\"\/><\/figure>\n","protected":false},"excerpt":{"rendered":"<p>El obispo diocesano, monse\u00f1or Ernesto Giobando s.j. ha designado al Pbro. Lucas Ezequiel Di Leva como p\u00e1rroco de la Parroquia \u201cCristo Resucitado\u201d de Mar del Plata. El padre Lucas tomar\u00e1 posesi\u00f3n como nuevo p\u00e1rroco el lunes 9 de febrero de 2026 a las 17 hs.<\/p>\n","protected":false},"author":4,"featured_media":0,"comment_status":"open","ping_status":"open","sticky":false,"template":"","format":"standard","meta":{"_et_pb_use_builder":"","_et_pb_old_content":"","_et_gb_content_width":""},"categories":[4],"tags":[],"aioseo_notices":[],"_links":{"self":[{"href":"https:\/\/www.obispado-mdp.org.ar\/a\/wp-json\/wp\/v2\/posts\/48328"}],"collection":[{"href":"https:\/\/www.obispado-mdp.org.ar\/a\/wp-json\/wp\/v2\/posts"}],"about":[{"href":"https:\/\/www.obispado-mdp.org.ar\/a\/wp-json\/wp\/v2\/types\/post"}],"author":[{"embeddable":true,"href":"https:\/\/www.obispado-mdp.org.ar\/a\/wp-json\/wp\/v2\/users\/4"}],"replies":[{"embeddable":true,"href":"https:\/\/www.obispado-mdp.org.ar\/a\/wp-json\/wp\/v2\/comments?post=48328"}],"version-history":[{"count":1,"href":"https:\/\/www.obispado-mdp.org.ar\/a\/wp-json\/wp\/v2\/posts\/48328\/revisions"}],"predecessor-version":[{"id":48330,"href":"https:\/\/www.obispado-mdp.org.ar\/a\/wp-json\/wp\/v2\/posts\/48328\/revisions\/48330"}],"wp:attachment":[{"href":"https:\/\/www.obispado-mdp.org.ar\/a\/wp-json\/wp\/v2\/media?parent=48328"}],"wp:term":[{"taxonomy":"category","embeddable":true,"href":"https:\/\/www.obispado-mdp.org.ar\/a\/wp-json\/wp\/v2\/categories?post=48328"},{"taxonomy":"post_tag","embeddable":true,"href":"https:\/\/www.obispado-mdp.org.ar\/a\/wp-json\/wp\/v2\/tags?post=48328"}],"curies":[{"name":"wp","href":"https:\/\/api.w.org\/{rel}","templated":true}]}}