{"id":48333,"date":"2025-12-23T21:41:37","date_gmt":"2025-12-24T00:41:37","guid":{"rendered":"https:\/\/www.obispado-mdp.org.ar\/a\/?p=48333"},"modified":"2025-12-23T21:41:39","modified_gmt":"2025-12-24T00:41:39","slug":"el-obispo-llevo-el-mensaje-de-la-navidad-a-unidades-del-complejo-penitenciario-de-batan-y-a-la-casa-de-libertad-y-misericordia","status":"publish","type":"post","link":"https:\/\/www.obispado-mdp.org.ar\/a\/el-obispo-llevo-el-mensaje-de-la-navidad-a-unidades-del-complejo-penitenciario-de-batan-y-a-la-casa-de-libertad-y-misericordia\/","title":{"rendered":"El Obispo llev\u00f3 el mensaje de la Navidad a unidades del Complejo Penitenciario de Bat\u00e1n y a la Casa de Libertad y Misericordia"},"content":{"rendered":"\n<p>En el marco de las celebraciones de la Navidad, el obispo diocesano, monse\u00f1or Ernesto Giobando SJ, realiz\u00f3 una visita pastoral a distintas unidades del Complejo Penitenciario de Bat\u00e1n y a la Casa de Libertad y Misericordia de Mar del Plata, llevando un mensaje de conversi\u00f3n, esperanza y cercan\u00eda a los internos y a las personas que transitan procesos de reinserci\u00f3n social.<\/p>\n\n\n\n<p>Durante su recorrida, monse\u00f1or Giobando visit\u00f3 la Alcaid\u00eda N\u00b0 44 y las Unidades Penales N\u00b0 15 y 50 del Complejo Penitenciario de Bat\u00e1n. En cada una de ellas celebr\u00f3 la Santa Misa de Navidad y comparti\u00f3 un momento de di\u00e1logo con los internos, a quienes anim\u00f3 a renovar la confianza en Dios y a abrir el coraz\u00f3n al verdadero sentido de la Navidad. Destac\u00f3 que \u201cla libertad m\u00e1s profunda viene de Dios, que ofrece esperanza incluso en las situaciones m\u00e1s oscuras\u201d y asever\u00f3 que \u201cel poder de la cruz rompe las cadenas que tantas veces atan interiormente a las personas.\u201d<\/p>\n\n\n\n<p>Asimismo, el Obispo se visit\u00f3 a la Casa de Libertad y Misericordia, un espacio destinado a acompa\u00f1ar a quienes han recuperado la libertad tras cumplir una condena, promoviendo su inserci\u00f3n en \u00e1mbitos educativos, laborales, socioculturales y en las comunidades de fe, bajo la conducci\u00f3n de la hermana Helena Kuc y la pastoral carcelaria.<a href=\"https:\/\/aica.org\/noticia-mons-mestre-visito-la-casa-de-la-libertad-y-misericordia?utm_source=chatgpt.com\"> <\/a>All\u00ed dialog\u00f3 con las personas que participan de los programas de acompa\u00f1amiento, bendijo el lugar y destac\u00f3 la importancia de continuar la misi\u00f3n pastoral m\u00e1s all\u00e1 de los muros penitenciarios.<a href=\"https:\/\/aica.org\/noticia-mons-mestre-visito-la-casa-de-la-libertad-y-misericordia?utm_source=chatgpt.com\">&nbsp;<\/a><\/p>\n\n\n\n<p>Acompa\u00f1ado por los capellanes de cada establecimiento y por los referentes de esta obra de misericordia, el Obispo mantuvo adem\u00e1s encuentros con las autoridades penitenciarias y con quienes acompa\u00f1an a los liberados, manifestando la cercan\u00eda de la Iglesia y su presencia pastoral en los diversos \u00e1mbitos donde se ejerce la caridad cristiana.<\/p>\n\n\n\n<figure class=\"wp-block-image size-large\"><img loading=\"lazy\" width=\"1024\" height=\"460\" src=\"https:\/\/www.obispado-mdp.org.ar\/a\/wp-content\/uploads\/2025\/12\/WhatsApp-Image-2025-12-18-at-9.40.30-PM-1024x460.jpeg\" alt=\"\" class=\"wp-image-48339\"\/><\/figure>\n\n\n\n<figure class=\"wp-block-image size-large\"><img loading=\"lazy\" width=\"1024\" height=\"460\" src=\"https:\/\/www.obispado-mdp.org.ar\/a\/wp-content\/uploads\/2025\/12\/WhatsApp-Image-2025-12-18-at-9.40.29-PM-1-1024x460.jpeg\" alt=\"\" class=\"wp-image-48340\"\/><\/figure>\n\n\n\n<figure class=\"wp-block-image size-large\"><img loading=\"lazy\" width=\"1024\" height=\"460\" src=\"https:\/\/www.obispado-mdp.org.ar\/a\/wp-content\/uploads\/2025\/12\/WhatsApp-Image-2025-12-18-at-9.40.33-PM-1024x460.jpeg\" alt=\"\" class=\"wp-image-48336\"\/><\/figure>\n\n\n\n<figure class=\"wp-block-image size-large\"><img loading=\"lazy\" width=\"1024\" height=\"460\" src=\"https:\/\/www.obispado-mdp.org.ar\/a\/wp-content\/uploads\/2025\/12\/WhatsApp-Image-2025-12-18-at-9.40.29-PM-1024x460.jpeg\" alt=\"\" class=\"wp-image-48341\"\/><\/figure>\n\n\n\n<figure class=\"wp-block-image size-large\"><img loading=\"lazy\" width=\"1024\" height=\"768\" src=\"https:\/\/www.obispado-mdp.org.ar\/a\/wp-content\/uploads\/2025\/12\/WhatsApp-Image-2025-12-17-at-8.24.31-PM-1024x768.jpeg\" alt=\"\" class=\"wp-image-48350\"\/><\/figure>\n\n\n\n<figure class=\"wp-block-image size-large is-resized\"><img loading=\"lazy\" src=\"https:\/\/www.obispado-mdp.org.ar\/a\/wp-content\/uploads\/2025\/12\/WhatsApp-Image-2025-12-18-at-9.40.24-PM-768x1024.jpeg\" alt=\"\" class=\"wp-image-48345\" width=\"823\" height=\"1098\"\/><\/figure>\n\n\n\n<figure class=\"wp-block-image size-large\"><img loading=\"lazy\" width=\"1024\" height=\"768\" src=\"https:\/\/www.obispado-mdp.org.ar\/a\/wp-content\/uploads\/2025\/12\/WhatsApp-Image-2025-12-18-at-9.52.23-PM-1024x768.jpeg\" alt=\"\" class=\"wp-image-48334\"\/><\/figure>\n\n\n\n<figure class=\"wp-block-image size-large\"><img loading=\"lazy\" width=\"1024\" height=\"768\" src=\"https:\/\/www.obispado-mdp.org.ar\/a\/wp-content\/uploads\/2025\/12\/WhatsApp-Image-2025-12-18-at-9.52.22-PM-1-1024x768.jpeg\" alt=\"\" class=\"wp-image-48335\"\/><\/figure>\n\n\n\n<figure class=\"wp-block-image size-large\"><img loading=\"lazy\" width=\"1024\" height=\"768\" src=\"https:\/\/www.obispado-mdp.org.ar\/a\/wp-content\/uploads\/2025\/12\/WhatsApp-Image-2025-12-17-at-8.24.17-PM-1024x768.jpeg\" alt=\"\" class=\"wp-image-48351\"\/><\/figure>\n\n\n\n<figure class=\"wp-block-image size-large\"><img loading=\"lazy\" width=\"1024\" height=\"768\" src=\"https:\/\/www.obispado-mdp.org.ar\/a\/wp-content\/uploads\/2025\/12\/WhatsApp-Image-2025-12-17-at-8.24.19-PM-1024x768.jpeg\" alt=\"\" class=\"wp-image-48352\"\/><\/figure>\n\n\n\n<figure class=\"wp-block-image size-full\"><img loading=\"lazy\" width=\"940\" height=\"788\" src=\"https:\/\/www.obispado-mdp.org.ar\/a\/wp-content\/uploads\/2025\/12\/Diseno-sin-titulo-21.png\" alt=\"\" class=\"wp-image-48353\"\/><\/figure>\n\n\n\n<figure class=\"wp-block-image size-large\"><img loading=\"lazy\" width=\"1024\" height=\"768\" src=\"https:\/\/www.obispado-mdp.org.ar\/a\/wp-content\/uploads\/2025\/12\/WhatsApp-Image-2025-12-21-at-9.43.05-AM-1024x768.jpeg\" alt=\"\" class=\"wp-image-48354\"\/><\/figure>\n\n\n\n<figure class=\"wp-block-image size-large\"><img loading=\"lazy\" width=\"1024\" height=\"768\" src=\"https:\/\/www.obispado-mdp.org.ar\/a\/wp-content\/uploads\/2025\/12\/WhatsApp-Image-2025-12-21-at-9.43.07-AM-1024x768.jpeg\" alt=\"\" class=\"wp-image-48355\"\/><\/figure>\n\n\n\n<figure class=\"wp-block-image size-large is-resized\"><img loading=\"lazy\" src=\"https:\/\/www.obispado-mdp.org.ar\/a\/wp-content\/uploads\/2025\/12\/WhatsApp-Image-2025-12-21-at-9.43.06-AM-1-768x1024.jpeg\" alt=\"\" class=\"wp-image-48357\" width=\"811\" height=\"1081\"\/><\/figure>\n\n\n\n<figure class=\"wp-block-image size-large\"><img loading=\"lazy\" width=\"1024\" height=\"768\" src=\"https:\/\/www.obispado-mdp.org.ar\/a\/wp-content\/uploads\/2025\/12\/WhatsApp-Image-2025-12-23-at-3.08.13-PM-1024x768.jpeg\" alt=\"\" class=\"wp-image-48358\"\/><\/figure>\n\n\n\n<figure class=\"wp-block-image size-large\"><img loading=\"lazy\" width=\"1024\" height=\"768\" src=\"https:\/\/www.obispado-mdp.org.ar\/a\/wp-content\/uploads\/2025\/12\/WhatsApp-Image-2025-12-23-at-3.08.11-PM-2-1024x768.jpeg\" alt=\"\" class=\"wp-image-48359\"\/><\/figure>\n","protected":false},"excerpt":{"rendered":"<p>En el marco de las celebraciones de la Navidad, el obispo diocesano, monse\u00f1or Ernesto Giobando SJ, realiz\u00f3 una visita pastoral a distintas unidades del Complejo Penitenciario de Bat\u00e1n y a la Casa de Libertad y Misericordia de Mar del Plata, llevando un mensaje de conversi\u00f3n, esperanza y cercan\u00eda a los internos y a las personas [&hellip;]<\/p>\n","protected":false},"author":4,"featured_media":0,"comment_status":"open","ping_status":"open","sticky":false,"template":"","format":"standard","meta":{"_et_pb_use_builder":"","_et_pb_old_content":"","_et_gb_content_width":""},"categories":[4],"tags":[],"aioseo_notices":[],"_links":{"self":[{"href":"https:\/\/www.obispado-mdp.org.ar\/a\/wp-json\/wp\/v2\/posts\/48333"}],"collection":[{"href":"https:\/\/www.obispado-mdp.org.ar\/a\/wp-json\/wp\/v2\/posts"}],"about":[{"href":"https:\/\/www.obispado-mdp.org.ar\/a\/wp-json\/wp\/v2\/types\/post"}],"author":[{"embeddable":true,"href":"https:\/\/www.obispado-mdp.org.ar\/a\/wp-json\/wp\/v2\/users\/4"}],"replies":[{"embeddable":true,"href":"https:\/\/www.obispado-mdp.org.ar\/a\/wp-json\/wp\/v2\/comments?post=48333"}],"version-history":[{"count":2,"href":"https:\/\/www.obispado-mdp.org.ar\/a\/wp-json\/wp\/v2\/posts\/48333\/revisions"}],"predecessor-version":[{"id":48360,"href":"https:\/\/www.obispado-mdp.org.ar\/a\/wp-json\/wp\/v2\/posts\/48333\/revisions\/48360"}],"wp:attachment":[{"href":"https:\/\/www.obispado-mdp.org.ar\/a\/wp-json\/wp\/v2\/media?parent=48333"}],"wp:term":[{"taxonomy":"category","embeddable":true,"href":"https:\/\/www.obispado-mdp.org.ar\/a\/wp-json\/wp\/v2\/categories?post=48333"},{"taxonomy":"post_tag","embeddable":true,"href":"https:\/\/www.obispado-mdp.org.ar\/a\/wp-json\/wp\/v2\/tags?post=48333"}],"curies":[{"name":"wp","href":"https:\/\/api.w.org\/{rel}","templated":true}]}}