{"id":48347,"date":"2025-12-21T11:06:29","date_gmt":"2025-12-21T14:06:29","guid":{"rendered":"https:\/\/www.obispado-mdp.org.ar\/a\/?p=48347"},"modified":"2025-12-21T11:06:31","modified_gmt":"2025-12-21T14:06:31","slug":"cuarto-domingo-de-adviento-ciclo-a","status":"publish","type":"post","link":"https:\/\/www.obispado-mdp.org.ar\/a\/cuarto-domingo-de-adviento-ciclo-a\/","title":{"rendered":"<strong>Cuarto domingo de Adviento. Ciclo A.<\/strong>"},"content":{"rendered":"\n<p class=\"has-medium-font-size\"><strong>\u00abDios con nosotros\u00bb.<\/strong><\/p>\n\n\n\n<p>Estamos a un paso de vivir la Navidad, el tiempo de Adviento nos ha ido preparando para festejar el nacimiento de nuestro Salvador, Navidad es precisamente: \u201cDios con nosotros\u201d, ya anunciado por Isa\u00edas y confirmado por el \u00c1ngel en el anuncio<\/p>\n\n\n\n<p>que le hace a San Jos\u00e9. Un Dios que no duda en acercarse a nuestra realidad humana, asumi\u00e9ndola plenamente, el misterio de la Encarnaci\u00f3n es precisamente esto: la cercan\u00eda de Dios a toda la humanidad. Dios asume la condici\u00f3n humana y entra a este mundo como lo hace todo hombre: naciendo en la fragilidad de un beb\u00e9. Es desconcertante contemplar a un Dios hecho hombre, mucho m\u00e1s si este hombre no es un super-hombre, dotado de todo el poder que confiere este mundo, sino un Ni\u00f1o sumamente fr\u00e1gil, necesitado de todos los cuidados, de todo el cari\u00f1o y la ternura de sus padres. El misterio de Navidad s\u00f3lo se puede vivir desde el asombro, si perdemos la capacidad de asombro la Navidad es s\u00f3lo pan dulce, confites y sidra.<\/p>\n\n\n\n<p>Asombro y perplejidad sinti\u00f3 San Jos\u00e9 cuando se enter\u00f3 que Mar\u00eda, su comprometida, hab\u00eda quedado embarazada. Tuvo que escuchar en sue\u00f1os la voz del \u00c1ngel para aceptar el designio de Dios sobre su persona y el destino que a \u00e9l le tocar\u00eda, ser el custodio de Mar\u00eda y del Ni\u00f1o Dios. El ejemplo de San Jos\u00e9 es admirable, tan admirable como su silencio y su servicio, su disponibilidad y su obediencia a la voluntad de Dios.<\/p>\n\n\n\n<p>Asombro y capacidad de recibir el mejor de los regalos, abrir el mejor de los tesoros, desenvolver el mayor de los misterios: Dios con nosotros. Ese Dios nacer\u00e1 en una cueva de olvido, sumamente pobre y desvalido, le dar\u00e1n calor las manos dulces de su Madre, y el cuidado y la cercan\u00eda de San Jos\u00e9. Navidad no es una vidriera adornada de luces, sino un establo donde duermen los animales, Dios nace de esta manera para que podamos entender que no hay vida cristiana si no hay renuncia a todas nuestras actitudes mundanas, ego\u00edstas y muchas veces violentas. Navidad, Dios con nosotros para que podamos nosotros estar m\u00e1s cerca de Dios, este trueque nos trajo la salvaci\u00f3n, como lo dice San Juan de la Cruz:<\/p>\n\n\n\n<p><strong>\u201cY la madre estaba en pasmo<\/strong><\/p>\n\n\n\n<p><strong>cuando tal trueque ve\u00eda:<\/strong><\/p>\n\n\n\n<p><strong>el llanto del hombre en Dios<\/strong><\/p>\n\n\n\n<p><strong>y en el hombre la alegr\u00eda;<\/strong><\/p>\n\n\n\n<p><strong>lo cual del uno y del otro<\/strong><\/p>\n\n\n\n<p><strong>tan ajeno ser sol\u00eda\u201d<\/strong><\/p>\n\n\n\n<figure class=\"wp-block-image size-large\"><img loading=\"lazy\" width=\"1024\" height=\"768\" src=\"https:\/\/www.obispado-mdp.org.ar\/a\/wp-content\/uploads\/2025\/12\/WhatsApp-Image-2025-11-29-at-5.24.53-PM-1-1024x768.jpeg\" alt=\"\" class=\"wp-image-48348\"\/><\/figure>\n","protected":false},"excerpt":{"rendered":"<p>\u00abDios con nosotros\u00bb. Estamos a un paso de vivir la Navidad, el tiempo de Adviento nos ha ido preparando para festejar el nacimiento de nuestro Salvador, Navidad es precisamente: \u201cDios con nosotros\u201d, ya anunciado por Isa\u00edas y confirmado por el \u00c1ngel en el anuncio que le hace a San Jos\u00e9. Un Dios que no duda [&hellip;]<\/p>\n","protected":false},"author":4,"featured_media":0,"comment_status":"open","ping_status":"open","sticky":false,"template":"","format":"standard","meta":{"_et_pb_use_builder":"","_et_pb_old_content":"","_et_gb_content_width":""},"categories":[4],"tags":[],"aioseo_notices":[],"_links":{"self":[{"href":"https:\/\/www.obispado-mdp.org.ar\/a\/wp-json\/wp\/v2\/posts\/48347"}],"collection":[{"href":"https:\/\/www.obispado-mdp.org.ar\/a\/wp-json\/wp\/v2\/posts"}],"about":[{"href":"https:\/\/www.obispado-mdp.org.ar\/a\/wp-json\/wp\/v2\/types\/post"}],"author":[{"embeddable":true,"href":"https:\/\/www.obispado-mdp.org.ar\/a\/wp-json\/wp\/v2\/users\/4"}],"replies":[{"embeddable":true,"href":"https:\/\/www.obispado-mdp.org.ar\/a\/wp-json\/wp\/v2\/comments?post=48347"}],"version-history":[{"count":1,"href":"https:\/\/www.obispado-mdp.org.ar\/a\/wp-json\/wp\/v2\/posts\/48347\/revisions"}],"predecessor-version":[{"id":48349,"href":"https:\/\/www.obispado-mdp.org.ar\/a\/wp-json\/wp\/v2\/posts\/48347\/revisions\/48349"}],"wp:attachment":[{"href":"https:\/\/www.obispado-mdp.org.ar\/a\/wp-json\/wp\/v2\/media?parent=48347"}],"wp:term":[{"taxonomy":"category","embeddable":true,"href":"https:\/\/www.obispado-mdp.org.ar\/a\/wp-json\/wp\/v2\/categories?post=48347"},{"taxonomy":"post_tag","embeddable":true,"href":"https:\/\/www.obispado-mdp.org.ar\/a\/wp-json\/wp\/v2\/tags?post=48347"}],"curies":[{"name":"wp","href":"https:\/\/api.w.org\/{rel}","templated":true}]}}