{"id":48361,"date":"2025-12-21T21:43:00","date_gmt":"2025-12-22T00:43:00","guid":{"rendered":"https:\/\/www.obispado-mdp.org.ar\/a\/?p=48361"},"modified":"2025-12-23T21:45:48","modified_gmt":"2025-12-24T00:45:48","slug":"jornada-de-retiro-de-diaconos-permanentes-y-candidatos-al-diaconado","status":"publish","type":"post","link":"https:\/\/www.obispado-mdp.org.ar\/a\/jornada-de-retiro-de-diaconos-permanentes-y-candidatos-al-diaconado\/","title":{"rendered":"Jornada de retiro de di\u00e1conos permanentes y candidatos al diaconado"},"content":{"rendered":"\n<p>Los di\u00e1conos permanentes y candidatos al diaconado junto a sus esposas participaron el domingo 21 de una jornada de retiro junto al obispo diocesano, monse\u00f1or Ernesto Giobando SJ, y al responsable del diaconado permanente, presb\u00edtero Fernando Mendoza.<\/p>\n\n\n\n<p>El encuentro se desarroll\u00f3 en la Casa de Ejercicios del Bosque de Peralta Ramos y fue un espacio fecundo de oraci\u00f3n y di\u00e1logo, especialmente centrado en la vida matrimonial y en el valioso rol de las esposas en el acompa\u00f1amiento del ministerio diaconal. Durante la jornada se medit\u00f3 a partir de homil\u00edas del papa Francisco.<\/p>\n\n\n\n<p>La jornada concluy\u00f3 con un momento fraterno compartido y la celebraci\u00f3n de la Santa Misa.<\/p>\n\n\n\n<figure class=\"wp-block-image size-large\"><img loading=\"lazy\" width=\"1024\" height=\"768\" src=\"https:\/\/www.obispado-mdp.org.ar\/a\/wp-content\/uploads\/2025\/12\/WhatsApp-Image-2025-12-21-at-12.32.26-PM-1024x768.jpeg\" alt=\"\" class=\"wp-image-48362\"\/><\/figure>\n\n\n\n<figure class=\"wp-block-image size-large\"><img loading=\"lazy\" width=\"1024\" height=\"768\" src=\"https:\/\/www.obispado-mdp.org.ar\/a\/wp-content\/uploads\/2025\/12\/WhatsApp-Image-2025-12-21-at-12.32.28-PM-2-1024x768.jpeg\" alt=\"\" class=\"wp-image-48363\"\/><\/figure>\n\n\n\n<figure class=\"wp-block-image size-large\"><img loading=\"lazy\" width=\"1024\" height=\"768\" src=\"https:\/\/www.obispado-mdp.org.ar\/a\/wp-content\/uploads\/2025\/12\/WhatsApp-Image-2025-12-21-at-12.32.28-PM-1-1024x768.jpeg\" alt=\"\" class=\"wp-image-48364\"\/><\/figure>\n\n\n\n<figure class=\"wp-block-image size-large\"><img loading=\"lazy\" width=\"1024\" height=\"768\" src=\"https:\/\/www.obispado-mdp.org.ar\/a\/wp-content\/uploads\/2025\/12\/WhatsApp-Image-2025-12-21-at-12.32.28-PM-1024x768.jpeg\" alt=\"\" class=\"wp-image-48365\"\/><\/figure>\n\n\n\n<figure class=\"wp-block-image size-large\"><img loading=\"lazy\" width=\"1024\" height=\"768\" src=\"https:\/\/www.obispado-mdp.org.ar\/a\/wp-content\/uploads\/2025\/12\/WhatsApp-Image-2025-12-21-at-12.32.27-PM-2-1024x768.jpeg\" alt=\"\" class=\"wp-image-48366\"\/><\/figure>\n\n\n\n<figure class=\"wp-block-image size-large\"><img loading=\"lazy\" width=\"1024\" height=\"768\" src=\"https:\/\/www.obispado-mdp.org.ar\/a\/wp-content\/uploads\/2025\/12\/WhatsApp-Image-2025-12-21-at-12.32.27-PM-1024x768.jpeg\" alt=\"\" class=\"wp-image-48367\"\/><\/figure>\n","protected":false},"excerpt":{"rendered":"<p>Los di\u00e1conos permanentes y candidatos al diaconado junto a sus esposas participaron el domingo 21 de una jornada de retiro junto al obispo diocesano, monse\u00f1or Ernesto Giobando SJ, y al responsable del diaconado permanente, presb\u00edtero Fernando Mendoza. El encuentro se desarroll\u00f3 en la Casa de Ejercicios del Bosque de Peralta Ramos y fue un espacio [&hellip;]<\/p>\n","protected":false},"author":4,"featured_media":0,"comment_status":"open","ping_status":"open","sticky":false,"template":"","format":"standard","meta":{"_et_pb_use_builder":"","_et_pb_old_content":"","_et_gb_content_width":""},"categories":[4],"tags":[],"aioseo_notices":[],"_links":{"self":[{"href":"https:\/\/www.obispado-mdp.org.ar\/a\/wp-json\/wp\/v2\/posts\/48361"}],"collection":[{"href":"https:\/\/www.obispado-mdp.org.ar\/a\/wp-json\/wp\/v2\/posts"}],"about":[{"href":"https:\/\/www.obispado-mdp.org.ar\/a\/wp-json\/wp\/v2\/types\/post"}],"author":[{"embeddable":true,"href":"https:\/\/www.obispado-mdp.org.ar\/a\/wp-json\/wp\/v2\/users\/4"}],"replies":[{"embeddable":true,"href":"https:\/\/www.obispado-mdp.org.ar\/a\/wp-json\/wp\/v2\/comments?post=48361"}],"version-history":[{"count":1,"href":"https:\/\/www.obispado-mdp.org.ar\/a\/wp-json\/wp\/v2\/posts\/48361\/revisions"}],"predecessor-version":[{"id":48368,"href":"https:\/\/www.obispado-mdp.org.ar\/a\/wp-json\/wp\/v2\/posts\/48361\/revisions\/48368"}],"wp:attachment":[{"href":"https:\/\/www.obispado-mdp.org.ar\/a\/wp-json\/wp\/v2\/media?parent=48361"}],"wp:term":[{"taxonomy":"category","embeddable":true,"href":"https:\/\/www.obispado-mdp.org.ar\/a\/wp-json\/wp\/v2\/categories?post=48361"},{"taxonomy":"post_tag","embeddable":true,"href":"https:\/\/www.obispado-mdp.org.ar\/a\/wp-json\/wp\/v2\/tags?post=48361"}],"curies":[{"name":"wp","href":"https:\/\/api.w.org\/{rel}","templated":true}]}}