{"id":48369,"date":"2025-12-24T15:36:37","date_gmt":"2025-12-24T18:36:37","guid":{"rendered":"https:\/\/www.obispado-mdp.org.ar\/a\/?p=48369"},"modified":"2025-12-24T15:36:38","modified_gmt":"2025-12-24T18:36:38","slug":"en-navidad-una-mesa-para-todos-en-la-explanada-de-la-catedral","status":"publish","type":"post","link":"https:\/\/www.obispado-mdp.org.ar\/a\/en-navidad-una-mesa-para-todos-en-la-explanada-de-la-catedral\/","title":{"rendered":"\u201cEn Navidad, una mesa para todos\u201d en la explanada de la Catedral<br>"},"content":{"rendered":"\n<p>El martes 23, la explanada de la iglesia Catedral fue escenario de un festejo navide\u00f1o organizado por la Mesa de Di\u00e1logo por la Dignidad de las Periferias del Obispado de Mar del Plata, destinado especialmente a personas en situaci\u00f3n de vulnerabilidad y a quienes viven en la calle.<\/p>\n\n\n\n<p>La Mesa de Di\u00e1logo \u2014integrada de manera permanente por movimientos sociales, universidades p\u00fablicas y privadas, sindicatos, empresarios, pastorales y diversos sectores de la ciudad\u2014 llev\u00f3 adelante por segundo a\u00f1o consecutivo esta celebraci\u00f3n, que permiti\u00f3 compartir la Navidad en un clima de cercan\u00eda y fraternidad. Hubo platos t\u00edpicos de estas fiestas, animaci\u00f3n y un ambiente que favoreci\u00f3 el encuentro alrededor de la mesa.<\/p>\n\n\n\n<p>Mientras se compart\u00eda la comida, la coordinadora de la Mesa, Ana Laura Vulcano, explicaba que la propuesta buscaba generar un verdadero encuentro entre quienes integran la Mesa, quienes transitan por el centro y quienes atraviesan situaciones de mayor necesidad. En ese contexto, destac\u00f3 que \u201chay mucha paz, mucho di\u00e1logo\u201d y que el objetivo se cumple cuando las personas se detienen a conversar y a encontrarse.<\/p>\n\n\n\n<p>La jornada culmin\u00f3 con la celebraci\u00f3n de la Santa Misa, presidida por el obispo diocesano, monse\u00f1or Ernesto Giobando SJ, quien en su homil\u00eda invit\u00f3 a no reducir la Navidad a gestos externos. Record\u00f3 que la fiesta puede quedar encerrada en las compras, los regalos y el brindis, pero afirm\u00f3 con claridad que \u201cla Navidad es Dios con nosotros\u201d.<\/p>\n\n\n\n<p>Al referirse a lo vivido esa tarde, el Obispo se\u00f1al\u00f3 que la calle San Mart\u00edn no fue solo un lugar de paso, sino un espacio donde las personas pudieron detenerse y compartir. En esas mesas, dijo, \u201cno hab\u00eda solo personas con necesidades, sino hermanos y hermanas\u201d, en medio de un mundo marcado por profundas injusticias.<\/p>\n\n\n\n<p>Monse\u00f1or Giobando llam\u00f3 tambi\u00e9n a superar divisiones y a animarse a construir juntos una ciudad m\u00e1s justa. Advirti\u00f3 que no se puede permitir que las ideolog\u00edas fracturen el tejido social y expres\u00f3 su deseo de \u201cuna ciudad donde no se viva bien solo para algunos\u201d, sino un lugar en el que todos tengan un espacio y puedan reconocerse como hermanos.<\/p>\n\n\n\n<p>La celebraci\u00f3n concluy\u00f3 como una preparaci\u00f3n compartida para la Navidad y la Nochebuena, en torno a una mesa abierta en el coraz\u00f3n de la ciudad.<\/p>\n\n\n\n<figure class=\"wp-block-image size-large\"><img loading=\"lazy\" width=\"1024\" height=\"768\" src=\"https:\/\/www.obispado-mdp.org.ar\/a\/wp-content\/uploads\/2025\/12\/WhatsApp-Image-2025-12-23-at-6.59.26-PM-1024x768.jpeg\" alt=\"\" class=\"wp-image-48377\"\/><\/figure>\n\n\n\n<figure class=\"wp-block-image size-large\"><img loading=\"lazy\" width=\"1024\" height=\"768\" src=\"https:\/\/www.obispado-mdp.org.ar\/a\/wp-content\/uploads\/2025\/12\/WhatsApp-Image-2025-12-23-at-4.47.16-PM-1024x768.jpeg\" alt=\"\" class=\"wp-image-48370\"\/><\/figure>\n\n\n\n<figure class=\"wp-block-image size-large\"><img loading=\"lazy\" width=\"1024\" height=\"768\" src=\"https:\/\/www.obispado-mdp.org.ar\/a\/wp-content\/uploads\/2025\/12\/WhatsApp-Image-2025-12-23-at-4.47.12-PM-1-1024x768.jpeg\" alt=\"\" class=\"wp-image-48376\"\/><\/figure>\n\n\n\n<figure class=\"wp-block-image size-large is-resized\"><img loading=\"lazy\" src=\"https:\/\/www.obispado-mdp.org.ar\/a\/wp-content\/uploads\/2025\/12\/WhatsApp-Image-2025-12-23-at-5.02.10-PM-1-768x1024.jpeg\" alt=\"\" class=\"wp-image-48374\" width=\"822\" height=\"1096\"\/><\/figure>\n\n\n\n<figure class=\"wp-block-image size-large is-resized\"><img loading=\"lazy\" src=\"https:\/\/www.obispado-mdp.org.ar\/a\/wp-content\/uploads\/2025\/12\/WhatsApp-Image-2025-12-23-at-4.47.15-PM-768x1024.jpeg\" alt=\"\" class=\"wp-image-48375\" width=\"823\" height=\"1097\"\/><\/figure>\n\n\n\n<figure class=\"wp-block-image size-large is-resized\"><img loading=\"lazy\" src=\"https:\/\/www.obispado-mdp.org.ar\/a\/wp-content\/uploads\/2025\/12\/WhatsApp-Image-2025-12-23-at-6.36.28-PM-768x1024.jpeg\" alt=\"\" class=\"wp-image-48373\" width=\"816\" height=\"1088\"\/><\/figure>\n\n\n\n<figure class=\"wp-block-image size-large\"><img loading=\"lazy\" width=\"1024\" height=\"768\" src=\"https:\/\/www.obispado-mdp.org.ar\/a\/wp-content\/uploads\/2025\/12\/WhatsApp-Image-2025-12-23-at-6.36.29-PM-1024x768.jpeg\" alt=\"\" class=\"wp-image-48372\"\/><\/figure>\n\n\n\n<figure class=\"wp-block-image size-large\"><img loading=\"lazy\" width=\"1024\" height=\"768\" src=\"https:\/\/www.obispado-mdp.org.ar\/a\/wp-content\/uploads\/2025\/12\/WhatsApp-Image-2025-12-23-at-6.18.25-PM-1-1024x768.jpeg\" alt=\"\" class=\"wp-image-48371\"\/><\/figure>\n","protected":false},"excerpt":{"rendered":"<p>El martes 23, la explanada de la iglesia Catedral fue escenario de un festejo navide\u00f1o organizado por la Mesa de Di\u00e1logo por la Dignidad de las Periferias del Obispado de Mar del Plata, destinado especialmente a personas en situaci\u00f3n de vulnerabilidad y a quienes viven en la calle. La Mesa de Di\u00e1logo \u2014integrada de manera [&hellip;]<\/p>\n","protected":false},"author":4,"featured_media":0,"comment_status":"open","ping_status":"open","sticky":false,"template":"","format":"standard","meta":{"_et_pb_use_builder":"","_et_pb_old_content":"","_et_gb_content_width":""},"categories":[4],"tags":[],"aioseo_notices":[],"_links":{"self":[{"href":"https:\/\/www.obispado-mdp.org.ar\/a\/wp-json\/wp\/v2\/posts\/48369"}],"collection":[{"href":"https:\/\/www.obispado-mdp.org.ar\/a\/wp-json\/wp\/v2\/posts"}],"about":[{"href":"https:\/\/www.obispado-mdp.org.ar\/a\/wp-json\/wp\/v2\/types\/post"}],"author":[{"embeddable":true,"href":"https:\/\/www.obispado-mdp.org.ar\/a\/wp-json\/wp\/v2\/users\/4"}],"replies":[{"embeddable":true,"href":"https:\/\/www.obispado-mdp.org.ar\/a\/wp-json\/wp\/v2\/comments?post=48369"}],"version-history":[{"count":1,"href":"https:\/\/www.obispado-mdp.org.ar\/a\/wp-json\/wp\/v2\/posts\/48369\/revisions"}],"predecessor-version":[{"id":48378,"href":"https:\/\/www.obispado-mdp.org.ar\/a\/wp-json\/wp\/v2\/posts\/48369\/revisions\/48378"}],"wp:attachment":[{"href":"https:\/\/www.obispado-mdp.org.ar\/a\/wp-json\/wp\/v2\/media?parent=48369"}],"wp:term":[{"taxonomy":"category","embeddable":true,"href":"https:\/\/www.obispado-mdp.org.ar\/a\/wp-json\/wp\/v2\/categories?post=48369"},{"taxonomy":"post_tag","embeddable":true,"href":"https:\/\/www.obispado-mdp.org.ar\/a\/wp-json\/wp\/v2\/tags?post=48369"}],"curies":[{"name":"wp","href":"https:\/\/api.w.org\/{rel}","templated":true}]}}