{"id":48389,"date":"2025-12-29T12:26:49","date_gmt":"2025-12-29T15:26:49","guid":{"rendered":"https:\/\/www.obispado-mdp.org.ar\/a\/?p=48389"},"modified":"2025-12-29T12:26:50","modified_gmt":"2025-12-29T15:26:50","slug":"conclusion-del-ano-jubilar-y-bendicion-de-un-altar-dedicado-a-pironio-en-la-catedral","status":"publish","type":"post","link":"https:\/\/www.obispado-mdp.org.ar\/a\/conclusion-del-ano-jubilar-y-bendicion-de-un-altar-dedicado-a-pironio-en-la-catedral\/","title":{"rendered":"<strong>Conclusi\u00f3n del A\u00f1o Jubilar y bendici\u00f3n de un altar dedicado a Pironio en la Catedral<\/strong>"},"content":{"rendered":"\n<p>Con una Santa Misa celebrada en la Catedral de los Santos Pedro y Cecilia, la Di\u00f3cesis de Mar del Plata clausur\u00f3 el A\u00f1o Jubilar 2025, vivido en comuni\u00f3n con toda la Iglesia universal. La Eucarist\u00eda fue presidida por el obispo diocesano, monse\u00f1or Ernesto Giobando SJ, y concelebrada por el obispo em\u00e9rito de Chascom\u00fas, monse\u00f1or Carlos Malfa; el obispo auxiliar de La Plata, monse\u00f1or Federico Wechsung; el vicario general, presb\u00edtero Hern\u00e1n David; el presb\u00edtero Ezequiel Kseim, p\u00e1rroco de la Catedral y postulador de la causa de canonizaci\u00f3n del beato Eduardo Francisco Pironio; y m\u00e1s de una decena de sacerdotes.<\/p>\n\n\n\n<p>En el marco de la celebraci\u00f3n se bendijo una imagen del beato cardenal Eduardo Francisco Pironio, segundo obispo de Mar del Plata, entronizada en un nuevo altar construido en la nave izquierda del templo catedralicio, junto con su reliquia.<\/p>\n\n\n\n<p>Al iniciar su homil\u00eda, monse\u00f1or Giobando record\u00f3 que \u201cesta Eucarist\u00eda marca el final de este A\u00f1o Santo que comenzamos hace ya un a\u00f1o, en la Navidad pasada\u201d, un jubileo cuyo eje fue \u201cla virtud teol\u00f3gica de la esperanza\u201d. Agradeci\u00f3 a Dios y al Papa Francisco por haber propuesto este camino para toda la Iglesia, subrayando que se trata de \u201cesta esperanza que no defrauda y que a todos nos atraviesa\u201d. En ese contexto evoc\u00f3 tambi\u00e9n la reciente partida del Santo Padre, por cuya vida \u201chemos llorado y hemos agradecido a Dios\u201d.<\/p>\n\n\n\n<p>El obispo destac\u00f3 el significado eclesial de concluir el jubileo con la bendici\u00f3n del altar del beato Pironio, se\u00f1alando que \u201ctener como obispo antecesor a un beato es algo que nos exige, pero al mismo tiempo nos da confianza, porque tenemos un intercesor en el cielo que nos acompa\u00f1a y nos anima\u201d.<\/p>\n\n\n\n<p>En referencia al Evangelio proclamado, en la fiesta de la Sagrada Familia que coincide con el recuerdo de los Santos Inocentes, monse\u00f1or Giobando afirm\u00f3 que no se trata de \u201cun d\u00eda para bromas\u201d, ya que la matanza ordenada por Herodes muestra c\u00f3mo \u201ca las pocas horas de haber nacido Jes\u00fas aparece la violencia del poder que tiene miedo\u201d. Subray\u00f3 que Jos\u00e9, Mar\u00eda y el Ni\u00f1o debieron huir a Egipto \u201cno como turistas, sino como migrantes, expulsados y perseguidos\u201d, imagen que hoy interpela a tantas familias que \u201ctienen que llevarse lo puesto para encontrar una tierra donde poder vivir en paz\u201d.<\/p>\n\n\n\n<p>Desde all\u00ed, llam\u00f3 a no clausurar la esperanza con el cierre del A\u00f1o Santo, porque \u201cno es que concluya la esperanza, sino que tenemos que reanimarnos en esta virtud\u201d. Reconoci\u00f3 que hay \u201cun mundo bastante oscuro, gente que ya ha dicho \u2018no espero m\u00e1s nada\u2019, personas solas, frustradas\u201d, y record\u00f3 que quienes celebraron el jubileo est\u00e1n llamados a \u201cllevar esperanza a este mundo\u201d, especialmente a los j\u00f3venes, mostr\u00e1ndoles \u201cno un camino de ilusiones, sino el camino cierto, trabajoso y exigente, la puerta estrecha y el camino angosto del Evangelio\u201d.<\/p>\n\n\n\n<p>Al evocar la figura del beato Pironio, record\u00f3 la hist\u00f3rica Marcha de la Esperanza realizada en Mar del Plata, organizada por j\u00f3venes y abierta a todo el pueblo de Dios, y que tuvo su origen cuando el hoy beato era obispo de la di\u00f3cesis. En ese marco afirm\u00f3 que Pironio puede ser reconocido como \u201cprofeta de la esperanza\u201d.<\/p>\n\n\n\n<p>Monse\u00f1or Giobando propuso, a la luz del legado del beato, tres rasgos para la Iglesia de hoy: una Iglesia de comuni\u00f3n, \u201cdonde somos llamados a ser uno, incluyendo a todos, no para expulsar sino para recibir como hermanos\u201d; una Iglesia participativa, que d\u00e9 lugar \u201cno al lugar que nosotros asignamos, sino al que cada uno busca\u201d; y una Iglesia en salida misionera, porque \u201cla misi\u00f3n no es un deseo, tiene que ser una acci\u00f3n concreta\u201d, comenzando por el \u00e1mbito m\u00e1s desafiante, la familia, verdadero \u201csantuario dom\u00e9stico\u201d donde Jes\u00fas sigue naciendo.<\/p>\n\n\n\n<p>En un pasaje central de la homil\u00eda, cit\u00f3 extensamente al beato Pironio en su oraci\u00f3n a Mar\u00eda: \u201cMar\u00eda, t\u00fa que fuiste enriquecida por la presencia del Se\u00f1or en tu pobreza, ay\u00fadanos a desprendernos de todo, ay\u00fadanos a ser radicalmente pobres, para comprender qui\u00e9nes son los pobres de hoy, c\u00f3mo tenemos que ir a ellos, c\u00f3mo tenemos que amarlos\u201d. Y continu\u00f3: \u201cHaz que nuestra vida sea un peregrinar de fe, un depender totalmente de la voluntad del Padre; que sea una constante donaci\u00f3n de servicio a nuestros hermanos, para que la pobreza nos haga verdaderamente libres, fecundos, hombres y mujeres de esperanza\u201d.<\/p>\n\n\n\n<p>Finalmente, monse\u00f1or Giobando concluy\u00f3 con las palabras del testamento espiritual del beato Eduardo Francisco Pironio, pronunciadas casi literalmente: \u201cQuiero morir tranquilo y sereno, perdonado por la misericordia del Padre, la bondad maternal de la Iglesia y el cari\u00f1o y comprensi\u00f3n de mis hermanos. No tengo ning\u00fan enemigo, gracias a Dios. No siento rencor ni envidia a nadie\u201d. Y dejando a todos \u201cen el coraz\u00f3n de Mar\u00eda, la Virgen pobre, contemplativa y fiel\u201d, encomend\u00f3 a la di\u00f3cesis para que el camino jubilar contin\u00fae dando frutos de esperanza en la vida cotidiana del pueblo de Dios.<\/p>\n\n\n\n<p><\/p>\n\n\n\n<figure class=\"wp-block-image size-large\"><img loading=\"lazy\" width=\"1024\" height=\"768\" src=\"https:\/\/www.obispado-mdp.org.ar\/a\/wp-content\/uploads\/2025\/12\/WhatsApp-Image-2025-12-28-at-11.03.52-PM-1-1024x768.jpeg\" alt=\"\" class=\"wp-image-48399\"\/><\/figure>\n\n\n\n<figure class=\"wp-block-image size-large is-resized\"><img loading=\"lazy\" src=\"https:\/\/www.obispado-mdp.org.ar\/a\/wp-content\/uploads\/2025\/12\/WhatsApp-Image-2025-12-28-at-11.03.51-PM-768x1024.jpeg\" alt=\"\" class=\"wp-image-48390\" width=\"822\" height=\"1096\"\/><\/figure>\n\n\n\n<figure class=\"wp-block-image size-large is-resized\"><img loading=\"lazy\" src=\"https:\/\/www.obispado-mdp.org.ar\/a\/wp-content\/uploads\/2025\/12\/WhatsApp-Image-2025-12-28-at-11.03.52-PM-768x1024.jpeg\" alt=\"\" class=\"wp-image-48391\" width=\"823\" height=\"1097\"\/><\/figure>\n\n\n\n<figure class=\"wp-block-image size-large\"><img loading=\"lazy\" width=\"1024\" height=\"768\" src=\"https:\/\/www.obispado-mdp.org.ar\/a\/wp-content\/uploads\/2025\/12\/WhatsApp-Image-2025-12-28-at-10.24.47-PM-1024x768.jpeg\" alt=\"\" class=\"wp-image-48392\"\/><\/figure>\n\n\n\n<figure class=\"wp-block-image size-large\"><img loading=\"lazy\" width=\"1024\" height=\"768\" src=\"https:\/\/www.obispado-mdp.org.ar\/a\/wp-content\/uploads\/2025\/12\/WhatsApp-Image-2025-12-28-at-10.24.45-PM-1024x768.jpeg\" alt=\"\" class=\"wp-image-48393\"\/><\/figure>\n\n\n\n<figure class=\"wp-block-image size-large is-resized\"><img loading=\"lazy\" src=\"https:\/\/www.obispado-mdp.org.ar\/a\/wp-content\/uploads\/2025\/12\/WhatsApp-Image-2025-12-28-at-10.24.46-PM-3-768x1024.jpeg\" alt=\"\" class=\"wp-image-48394\" width=\"818\" height=\"1091\"\/><\/figure>\n\n\n\n<figure class=\"wp-block-image size-large\"><img loading=\"lazy\" width=\"1024\" height=\"768\" src=\"https:\/\/www.obispado-mdp.org.ar\/a\/wp-content\/uploads\/2025\/12\/WhatsApp-Image-2025-12-28-at-11.05.03-PM-1024x768.jpeg\" alt=\"\" class=\"wp-image-48395\"\/><\/figure>\n\n\n\n<figure class=\"wp-block-image size-large is-resized\"><img loading=\"lazy\" src=\"https:\/\/www.obispado-mdp.org.ar\/a\/wp-content\/uploads\/2025\/12\/WhatsApp-Image-2025-12-28-at-11.05.03-PM-1-768x1024.jpeg\" alt=\"\" class=\"wp-image-48396\" width=\"827\" height=\"1103\"\/><\/figure>\n\n\n\n<figure class=\"wp-block-image size-large\"><img loading=\"lazy\" width=\"1024\" height=\"768\" src=\"https:\/\/www.obispado-mdp.org.ar\/a\/wp-content\/uploads\/2025\/12\/WhatsApp-Image-2025-12-28-at-11.06.33-PM-1024x768.jpeg\" alt=\"\" class=\"wp-image-48397\"\/><\/figure>\n\n\n\n<figure class=\"wp-block-image size-large\"><img loading=\"lazy\" width=\"1024\" height=\"768\" src=\"https:\/\/www.obispado-mdp.org.ar\/a\/wp-content\/uploads\/2025\/12\/WhatsApp-Image-2025-12-28-at-11.06.32-PM-1024x768.jpeg\" alt=\"\" class=\"wp-image-48398\"\/><\/figure>\n","protected":false},"excerpt":{"rendered":"<p>Con una Santa Misa celebrada en la Catedral de los Santos Pedro y Cecilia, la Di\u00f3cesis de Mar del Plata clausur\u00f3 el A\u00f1o Jubilar 2025, vivido en comuni\u00f3n con toda la Iglesia universal. La Eucarist\u00eda fue presidida por el obispo diocesano, monse\u00f1or Ernesto Giobando SJ, y concelebrada por el obispo em\u00e9rito de Chascom\u00fas, monse\u00f1or Carlos [&hellip;]<\/p>\n","protected":false},"author":4,"featured_media":0,"comment_status":"open","ping_status":"open","sticky":false,"template":"","format":"standard","meta":{"_et_pb_use_builder":"","_et_pb_old_content":"","_et_gb_content_width":""},"categories":[4],"tags":[],"aioseo_notices":[],"_links":{"self":[{"href":"https:\/\/www.obispado-mdp.org.ar\/a\/wp-json\/wp\/v2\/posts\/48389"}],"collection":[{"href":"https:\/\/www.obispado-mdp.org.ar\/a\/wp-json\/wp\/v2\/posts"}],"about":[{"href":"https:\/\/www.obispado-mdp.org.ar\/a\/wp-json\/wp\/v2\/types\/post"}],"author":[{"embeddable":true,"href":"https:\/\/www.obispado-mdp.org.ar\/a\/wp-json\/wp\/v2\/users\/4"}],"replies":[{"embeddable":true,"href":"https:\/\/www.obispado-mdp.org.ar\/a\/wp-json\/wp\/v2\/comments?post=48389"}],"version-history":[{"count":2,"href":"https:\/\/www.obispado-mdp.org.ar\/a\/wp-json\/wp\/v2\/posts\/48389\/revisions"}],"predecessor-version":[{"id":48401,"href":"https:\/\/www.obispado-mdp.org.ar\/a\/wp-json\/wp\/v2\/posts\/48389\/revisions\/48401"}],"wp:attachment":[{"href":"https:\/\/www.obispado-mdp.org.ar\/a\/wp-json\/wp\/v2\/media?parent=48389"}],"wp:term":[{"taxonomy":"category","embeddable":true,"href":"https:\/\/www.obispado-mdp.org.ar\/a\/wp-json\/wp\/v2\/categories?post=48389"},{"taxonomy":"post_tag","embeddable":true,"href":"https:\/\/www.obispado-mdp.org.ar\/a\/wp-json\/wp\/v2\/tags?post=48389"}],"curies":[{"name":"wp","href":"https:\/\/api.w.org\/{rel}","templated":true}]}}