{"id":48402,"date":"2026-01-03T19:57:11","date_gmt":"2026-01-03T22:57:11","guid":{"rendered":"https:\/\/www.obispado-mdp.org.ar\/a\/?p=48402"},"modified":"2026-01-03T19:57:13","modified_gmt":"2026-01-03T22:57:13","slug":"mensaje-de-mons-ernesto-giobando-s-j-a-los-turistas","status":"publish","type":"post","link":"https:\/\/www.obispado-mdp.org.ar\/a\/mensaje-de-mons-ernesto-giobando-s-j-a-los-turistas\/","title":{"rendered":"Mensaje de Mons. Ernesto Giobando s.j. a los turistas"},"content":{"rendered":"\n<p>Queridos turistas que vienen a nuestras playas y sierras: \u00a1Bienvenidos! <\/p>\n\n\n\n<p>Como Iglesia de la Di\u00f3cesis de Mar del Plata deseamos que pasen unas felices vacaciones. \u201cFrente al mar, frente a Dios\u201d es la letra del tango que expresa nuestra actitud que brota en estas hermosas playas, con todas nuestras vivencias, todo lo lindo y lo dif\u00edcil que hemos vivido, ese equipaje interior que cada uno lleva.<br>Frente a nuestras sierras tambi\u00e9n, en esos rincones que nos hacen detener la marcha y agradecer por tanta belleza en la creaci\u00f3n, pidi\u00e9ndonos que la cuidemos como nuestra casa com\u00fan, como nos recordaba el Papa Francisco.<br>Pedimos que haya buen tiempo y salud para todos, que el sol se derrame suavemente y la brisa refresque nuestros cuerpos, necesitados de descanso.<br>Que no haya excesos desmedidos y seamos pac\u00edficos en la manera de tratarnos, deponiendo toda violencia.<br>Que podamos hacer una pausa que repare las fuerzas del cuerpo y del alma, fortaleciendo los v\u00ednculos familiares y de amistad.<br>Las vacaciones son un derecho y tambi\u00e9n un regalo, que no sean un privilegio de algunos pocos y una nostalgia de muchos, entre todos hagamos un pa\u00eds m\u00e1s justo y equitativo.<br>Damos gracias por las trabajadoras y trabajadores de nuestras ciudades y pueblos que hacen un gran esfuerzo para que la pasen lo mejor posible.<br>\u201cFrente a Dios\u201d es la oportunidad que tenemos, el mar y las sierras tienen trascendencia y nos conectan con la inmensidad de su horizonte. Que podamos descansar en el esp\u00edritu y conectarnos con Dios que siempre nos espera.<br>Bienvenidos a la Costa y a las Sierras, que sepamos vacacionar y sacar provecho de estos d\u00edas de descanso: frente al mar con toda su energ\u00eda y frente a Dios con todo su amor y cercan\u00eda.<br>Como Iglesia de Mar del Plata los esperamos en nuestras parroquias y capillas, estamos para servirlos.<\/p>\n\n\n\n<p><br>Con mi afecto y mi bendici\u00f3n.<br><strong>Ernesto Giobando sj<br>Obispo de Mar del Plata<br>Temporada 2025\/2026<\/strong><\/p>\n\n\n\n<p>Descarg\u00e1 el mensaje ac\u00e1: <a href=\"https:\/\/drive.google.com\/file\/d\/1lYOA-5yQfuK8sQVKgc8wguniy6MFpLTa\/view?usp=sharing\">https:\/\/drive.google.com\/file\/d\/1lYOA-5yQfuK8sQVKgc8wguniy6MFpLTa\/view?usp=sharing<\/a><\/p>\n\n\n\n<figure class=\"wp-block-image size-large\"><img loading=\"lazy\" width=\"1024\" height=\"768\" src=\"https:\/\/www.obispado-mdp.org.ar\/a\/wp-content\/uploads\/2026\/01\/600345562_1299225552233204_425817543974899148_n-1024x768.jpg\" alt=\"\" class=\"wp-image-48403\"\/><\/figure>\n","protected":false},"excerpt":{"rendered":"<p>Queridos turistas que vienen a nuestras playas y sierras: \u00a1Bienvenidos! Como Iglesia de la Di\u00f3cesis de Mar del Plata deseamos que pasen unas felices vacaciones. \u201cFrente al mar, frente a Dios\u201d es la letra del tango que expresa nuestra actitud que brota en estas hermosas playas, con todas nuestras vivencias, todo lo lindo y lo [&hellip;]<\/p>\n","protected":false},"author":4,"featured_media":0,"comment_status":"open","ping_status":"open","sticky":false,"template":"","format":"standard","meta":{"_et_pb_use_builder":"","_et_pb_old_content":"","_et_gb_content_width":""},"categories":[4],"tags":[],"aioseo_notices":[],"_links":{"self":[{"href":"https:\/\/www.obispado-mdp.org.ar\/a\/wp-json\/wp\/v2\/posts\/48402"}],"collection":[{"href":"https:\/\/www.obispado-mdp.org.ar\/a\/wp-json\/wp\/v2\/posts"}],"about":[{"href":"https:\/\/www.obispado-mdp.org.ar\/a\/wp-json\/wp\/v2\/types\/post"}],"author":[{"embeddable":true,"href":"https:\/\/www.obispado-mdp.org.ar\/a\/wp-json\/wp\/v2\/users\/4"}],"replies":[{"embeddable":true,"href":"https:\/\/www.obispado-mdp.org.ar\/a\/wp-json\/wp\/v2\/comments?post=48402"}],"version-history":[{"count":1,"href":"https:\/\/www.obispado-mdp.org.ar\/a\/wp-json\/wp\/v2\/posts\/48402\/revisions"}],"predecessor-version":[{"id":48404,"href":"https:\/\/www.obispado-mdp.org.ar\/a\/wp-json\/wp\/v2\/posts\/48402\/revisions\/48404"}],"wp:attachment":[{"href":"https:\/\/www.obispado-mdp.org.ar\/a\/wp-json\/wp\/v2\/media?parent=48402"}],"wp:term":[{"taxonomy":"category","embeddable":true,"href":"https:\/\/www.obispado-mdp.org.ar\/a\/wp-json\/wp\/v2\/categories?post=48402"},{"taxonomy":"post_tag","embeddable":true,"href":"https:\/\/www.obispado-mdp.org.ar\/a\/wp-json\/wp\/v2\/tags?post=48402"}],"curies":[{"name":"wp","href":"https:\/\/api.w.org\/{rel}","templated":true}]}}