{"id":48419,"date":"2026-01-06T19:00:00","date_gmt":"2026-01-06T22:00:00","guid":{"rendered":"https:\/\/www.obispado-mdp.org.ar\/a\/?p=48419"},"modified":"2026-01-06T19:02:45","modified_gmt":"2026-01-06T22:02:45","slug":"mensaje-al-pueblo-de-dios-que-peregrina-en-la-diocesis-de-mar-del-plata","status":"publish","type":"post","link":"https:\/\/www.obispado-mdp.org.ar\/a\/mensaje-al-pueblo-de-dios-que-peregrina-en-la-diocesis-de-mar-del-plata\/","title":{"rendered":"Mensaje al Pueblo de Dios que peregrina en la Di\u00f3cesis de Mar del Plata."},"content":{"rendered":"\n<p>Queridos fieles: Hemos iniciado este nuevo a\u00f1o y hoy en la solemnidad de la Epifan\u00eda del Se\u00f1or el Papa Le\u00f3n XIV ha clausurado, cerrando la Puerta Santa, este A\u00f1o Jubilar de la Esperanza.&nbsp;<\/p>\n\n\n\n<p>Ha sido un A\u00f1o Santo donde hemos recibido gracias sobre gracias y estamos mejor dispuestos a seguir caminando juntos, como lo hicieron los Magos que vinieron de Oriente, guiados por la estrella.&nbsp;<\/p>\n\n\n\n<p>Dejarnos guiar es la condici\u00f3n necesaria para poder discernir juntos la voluntad de Dios, la estrella que nos gu\u00eda es el Esp\u00edritu Santo que nos impulsa a seguir adelante, a superar las dificultades y a dejarnos encender el coraz\u00f3n con la Palabra de Dios, la celebraci\u00f3n festiva y un nuevo fervor que renueve todo.<\/p>\n\n\n\n<p>Por ello hemos convocado a la Asamblea Diocesana para el s\u00e1bado 21 de febrero de 2026 en la Parroquia San Jos\u00e9 de la Comunidad Orionita en nuestra ciudad de Mar del Plata (Matheu 3349) de 9.30 a 16.00 hs. <\/p>\n\n\n\n<p>Llegamos a esta Asamblea despu\u00e9s de haber realizado el Primer S\u00ednodo Diocesano, el S\u00ednodo de la Sinodalidad y nuestras Asambleas locales (parroquias, movimientos, colegios, asociaciones, j\u00f3venes, vida consagrada\u2026etc.).&nbsp;<\/p>\n\n\n\n<p>Todo el material compartido est\u00e1 siendo evaluado por el Equipo de Animaci\u00f3n Sinodal de la Di\u00f3cesis, recientemente constituido con representantes de las distintas \u00e1reas. Ellos est\u00e1n elaborando la din\u00e1mica, la representatividad y el trabajo a realizar en la Asamblea Diocesana 2026. Como dice nuestro lema: \u201cSigamos caminando juntos, por una Iglesia Sinodal en comuni\u00f3n, participaci\u00f3n y misi\u00f3n\u201d.&nbsp;<\/p>\n\n\n\n<p>Estos tres ejes: comuni\u00f3n, participaci\u00f3n y misi\u00f3n, son los desaf\u00edos que debemos asumir para que podamos llegar a tantos que nos est\u00e1n esperando. Pero no podemos hacerlo sino es a trav\u00e9s de una experiencia comunitaria, no islas separadas, sino una comunidad que camina al ritmo de las necesidades y expectativas de los miles de hermanos y hermanas que acuden a nuestras comunidades y de aquellos que est\u00e1n afuera, lejos, heridos y descartados. El caminar juntos (eso es sinodalidad) nos une, nos abre a otros y nos dispone mejor para la misi\u00f3n.<\/p>\n\n\n\n<p>En esta fiesta de la Epifan\u00eda, la fiesta de los Reyes Magos, quiero compartir con ustedes el deseo del Papa Le\u00f3n XIV, expresado en la homil\u00eda de hoy en la Bas\u00edlica de San Pedro, en Roma: \u201cQueridos hermanos y hermanas, es hermoso convertirse en peregrinos de esperanza. Y es hermoso seguir si\u00e9ndolo, juntos.&nbsp;<\/p>\n\n\n\n<p>La fidelidad de Dios siempre nos sorprender\u00e1. Si no reducimos nuestras iglesias a monumentos, si nuestras comunidades se convierten en hogares, si rechazamos unidos los halagos de los poderosos, entonces seremos la generaci\u00f3n de la aurora.&nbsp;<\/p>\n\n\n\n<p>Mar\u00eda, Estrella de la ma\u00f1ana, caminar\u00e1 siempre delante de nosotros. En su Hijo contemplaremos y serviremos a una humanidad magn\u00edfica, transformada no por delirios de omnipotencia, sino por el Dios que se hizo carne por amor\u201d. Les pido que recemos juntos por esta Asamblea Diocesana 2026 y que sepamos responder con generosidad y alegr\u00eda.&nbsp;<\/p>\n\n\n\n<p>Mi bendici\u00f3n.<\/p>\n\n\n\n<p><strong>Mos. Ernesto Giobando s.j<\/strong><\/p>\n\n\n\n<p><strong>Obispo| Di\u00f3cesis de Mar del Plata<\/strong><\/p>\n\n\n\n<p><\/p>\n\n\n\n<p><strong><em>Descarga el mensaje del Obispo ac\u00e1: <\/em><\/strong> <a href=\"https:\/\/drive.google.com\/file\/d\/1hEKoXjBckXddpeMBXcRnC-VI__MCGT2H\/view?usp=sharing\">https:\/\/drive.google.com\/file\/d\/1hEKoXjBckXddpeMBXcRnC-VI__MCGT2H\/view?usp=sharing<\/a><\/p>\n\n\n\n<figure class=\"wp-block-image size-full\"><img loading=\"lazy\" width=\"820\" height=\"465\" src=\"https:\/\/www.obispado-mdp.org.ar\/a\/wp-content\/uploads\/2026\/01\/600463258_1299238285565264_4895813185610027249_n.png\" alt=\"\" class=\"wp-image-48420\"\/><\/figure>\n","protected":false},"excerpt":{"rendered":"<p>Queridos fieles: Hemos iniciado este nuevo a\u00f1o y hoy en la solemnidad de la Epifan\u00eda del Se\u00f1or el Papa Le\u00f3n XIV ha clausurado, cerrando la Puerta Santa, este A\u00f1o Jubilar de la Esperanza.&nbsp; Ha sido un A\u00f1o Santo donde hemos recibido gracias sobre gracias y estamos mejor dispuestos a seguir caminando juntos, como lo hicieron [&hellip;]<\/p>\n","protected":false},"author":4,"featured_media":0,"comment_status":"open","ping_status":"open","sticky":false,"template":"","format":"standard","meta":{"_et_pb_use_builder":"","_et_pb_old_content":"","_et_gb_content_width":""},"categories":[4],"tags":[],"aioseo_notices":[],"_links":{"self":[{"href":"https:\/\/www.obispado-mdp.org.ar\/a\/wp-json\/wp\/v2\/posts\/48419"}],"collection":[{"href":"https:\/\/www.obispado-mdp.org.ar\/a\/wp-json\/wp\/v2\/posts"}],"about":[{"href":"https:\/\/www.obispado-mdp.org.ar\/a\/wp-json\/wp\/v2\/types\/post"}],"author":[{"embeddable":true,"href":"https:\/\/www.obispado-mdp.org.ar\/a\/wp-json\/wp\/v2\/users\/4"}],"replies":[{"embeddable":true,"href":"https:\/\/www.obispado-mdp.org.ar\/a\/wp-json\/wp\/v2\/comments?post=48419"}],"version-history":[{"count":3,"href":"https:\/\/www.obispado-mdp.org.ar\/a\/wp-json\/wp\/v2\/posts\/48419\/revisions"}],"predecessor-version":[{"id":48423,"href":"https:\/\/www.obispado-mdp.org.ar\/a\/wp-json\/wp\/v2\/posts\/48419\/revisions\/48423"}],"wp:attachment":[{"href":"https:\/\/www.obispado-mdp.org.ar\/a\/wp-json\/wp\/v2\/media?parent=48419"}],"wp:term":[{"taxonomy":"category","embeddable":true,"href":"https:\/\/www.obispado-mdp.org.ar\/a\/wp-json\/wp\/v2\/categories?post=48419"},{"taxonomy":"post_tag","embeddable":true,"href":"https:\/\/www.obispado-mdp.org.ar\/a\/wp-json\/wp\/v2\/tags?post=48419"}],"curies":[{"name":"wp","href":"https:\/\/api.w.org\/{rel}","templated":true}]}}