{"id":48425,"date":"2026-03-04T18:30:00","date_gmt":"2026-03-04T21:30:00","guid":{"rendered":"https:\/\/www.obispado-mdp.org.ar\/a\/?p=48425"},"modified":"2026-01-12T07:52:55","modified_gmt":"2026-01-12T10:52:55","slug":"evangelio-segun-san-lucas-1619-31-7","status":"publish","type":"post","link":"https:\/\/www.obispado-mdp.org.ar\/a\/evangelio-segun-san-lucas-1619-31-7\/","title":{"rendered":"Evangelio seg\u00fan\u00a0San\u00a0Lucas\u00a016,19-31."},"content":{"rendered":"\n<p>Jes\u00fas dijo a los fariseos: \u00abHab\u00eda un hombre rico que se vest\u00eda de p\u00farpura y lino fin\u00edsimo y cada d\u00eda hac\u00eda espl\u00e9ndidos banquetes.<br>A su puerta, cubierto de llagas, yac\u00eda un pobre llamado L\u00e1zaro,<br>que ansiaba saciarse con lo que ca\u00eda de la mesa del rico; y hasta los perros iban a lamer sus llagas.<br>El pobre muri\u00f3 y fue llevado por los \u00e1ngeles al seno de Abraham. El rico tambi\u00e9n muri\u00f3 y fue sepultado.<br>En la morada de los muertos, en medio de los tormentos, levant\u00f3 los ojos y vio de lejos a Abraham, y a L\u00e1zaro junto a \u00e9l.<br>Entonces exclam\u00f3: &#8216;Padre Abraham, ten piedad de m\u00ed y env\u00eda a L\u00e1zaro para que moje la punta de su dedo en el agua y refresque mi lengua, porque estas llamas me atormentan&#8217;.<br>&#8216;Hijo m\u00edo, respondi\u00f3 Abraham, recuerda que has recibido tus bienes en vida y L\u00e1zaro, en cambio, recibi\u00f3 males; ahora \u00e9l encuentra aqu\u00ed su consuelo, y t\u00fa, el tormento.<br>Adem\u00e1s, entre ustedes y nosotros se abre un gran abismo. De manera que los que quieren pasar de aqu\u00ed hasta all\u00ed no pueden hacerlo, y tampoco se puede pasar de all\u00ed hasta aqu\u00ed&#8217;.<br>El rico contest\u00f3: &#8216;Te ruego entonces, padre, que env\u00edes a L\u00e1zaro a la casa de mi padre,<br>porque tengo cinco hermanos: que \u00e9l los prevenga, no sea que ellos tambi\u00e9n caigan en este lugar de tormento&#8217;.<br>Abraham respondi\u00f3: &#8216;Tienen a Mois\u00e9s y a los Profetas; que los escuchen&#8217;.<br>&#8216;No, padre Abraham, insisti\u00f3 el rico. Pero si alguno de los muertos va a verlos, se arrepentir\u00e1n&#8217;.<br>Pero Abraham respondi\u00f3: &#8216;Si no escuchan a Mois\u00e9s y a los Profetas, aunque resucite alguno de entre los muertos, tampoco se convencer\u00e1n'\u00bb.<\/p>\n\n\n\n<p class=\"has-text-align-right\"><em>Extra\u00eddo de la Biblia: Libro del Pueblo de Dios. <\/em><\/p>\n","protected":false},"excerpt":{"rendered":"<p>Jes\u00fas dijo a los fariseos: \u00abHab\u00eda un hombre rico que se vest\u00eda de p\u00farpura y lino fin\u00edsimo y cada d\u00eda hac\u00eda espl\u00e9ndidos banquetes.A su puerta, cubierto de llagas, yac\u00eda un pobre llamado L\u00e1zaro,que ansiaba saciarse con lo que ca\u00eda de la mesa del rico; y hasta los perros iban a lamer sus llagas.El pobre muri\u00f3 [&hellip;]<\/p>\n","protected":false},"author":3,"featured_media":31450,"comment_status":"open","ping_status":"closed","sticky":false,"template":"","format":"standard","meta":{"_et_pb_use_builder":"off","_et_pb_old_content":"<!-- wp:paragraph -->\n<p> Al atardecer de ese mismo d\u00eda, el primero de la semana, estando cerradas las puertas del lugar donde se encontraban los disc\u00edpulos, por temor a los jud\u00edos, lleg\u00f3 Jes\u00fas y poni\u00e9ndose en medio de ellos, les dijo: \"\u00a1La paz est\u00e9 con ustedes!\".<br>Mientras dec\u00eda esto, les mostr\u00f3 sus manos y su costado. Los disc\u00edpulos se llenaron de alegr\u00eda cuando vieron al Se\u00f1or.<br>Jes\u00fas les dijo de nuevo: \"\u00a1La paz est\u00e9 con ustedes! Como el Padre me envi\u00f3 a m\u00ed, yo tambi\u00e9n los env\u00edo a ustedes\".<br>Al decirles esto, sopl\u00f3 sobre ellos y a\u00f1adi\u00f3: \"Reciban el Esp\u00edritu Santo.<br>Los pecados ser\u00e1n perdonados a los que ustedes se los perdonen, y ser\u00e1n retenidos a los que ustedes se los retengan\". <\/p>\n<!-- \/wp:paragraph -->\n\n<!-- wp:paragraph {\"align\":\"right\"} -->\n<p class=\"has-text-align-right\"><em>Extra\u00eddo de la Biblia: Libro del Pueblo de Dios. <\/em><\/p>\n<!-- \/wp:paragraph -->","_et_gb_content_width":""},"categories":[6],"tags":[],"aioseo_notices":[],"_links":{"self":[{"href":"https:\/\/www.obispado-mdp.org.ar\/a\/wp-json\/wp\/v2\/posts\/48425"}],"collection":[{"href":"https:\/\/www.obispado-mdp.org.ar\/a\/wp-json\/wp\/v2\/posts"}],"about":[{"href":"https:\/\/www.obispado-mdp.org.ar\/a\/wp-json\/wp\/v2\/types\/post"}],"author":[{"embeddable":true,"href":"https:\/\/www.obispado-mdp.org.ar\/a\/wp-json\/wp\/v2\/users\/3"}],"replies":[{"embeddable":true,"href":"https:\/\/www.obispado-mdp.org.ar\/a\/wp-json\/wp\/v2\/comments?post=48425"}],"version-history":[{"count":1,"href":"https:\/\/www.obispado-mdp.org.ar\/a\/wp-json\/wp\/v2\/posts\/48425\/revisions"}],"predecessor-version":[{"id":48426,"href":"https:\/\/www.obispado-mdp.org.ar\/a\/wp-json\/wp\/v2\/posts\/48425\/revisions\/48426"}],"wp:featuredmedia":[{"embeddable":true,"href":"https:\/\/www.obispado-mdp.org.ar\/a\/wp-json\/wp\/v2\/media\/31450"}],"wp:attachment":[{"href":"https:\/\/www.obispado-mdp.org.ar\/a\/wp-json\/wp\/v2\/media?parent=48425"}],"wp:term":[{"taxonomy":"category","embeddable":true,"href":"https:\/\/www.obispado-mdp.org.ar\/a\/wp-json\/wp\/v2\/categories?post=48425"},{"taxonomy":"post_tag","embeddable":true,"href":"https:\/\/www.obispado-mdp.org.ar\/a\/wp-json\/wp\/v2\/tags?post=48425"}],"curies":[{"name":"wp","href":"https:\/\/api.w.org\/{rel}","templated":true}]}}