{"id":48488,"date":"2026-01-19T15:12:55","date_gmt":"2026-01-19T18:12:55","guid":{"rendered":"https:\/\/www.obispado-mdp.org.ar\/a\/?p=48488"},"modified":"2026-01-19T15:29:33","modified_gmt":"2026-01-19T18:29:33","slug":"homilia-del-domingo-segundo-durante-el-ano-ciclo-a","status":"publish","type":"post","link":"https:\/\/www.obispado-mdp.org.ar\/a\/homilia-del-domingo-segundo-durante-el-ano-ciclo-a\/","title":{"rendered":"Homil\u00eda del Domingo segundo durante el a\u00f1o. Ciclo A"},"content":{"rendered":"\n<p class=\"has-medium-font-size\">\u00abDoy testimonio de que \u00e9l es el Hijo de Dios\u00bb.<\/p>\n\n\n\n<p>\u200bJuan Bautista, el \u00faltimo de los profetas en Israel, no duda en se\u00f1alar a Jes\u00fas como el \u00abCordero de Dios que quita el pecado del mundo\u00bb; ha visto descender sobre \u00e9l al Esp\u00edritu Santo en forma de paloma, y Dios Padre revela que Jes\u00fas es su Hijo muy querido. La Sant\u00edsima Trinidad obra la salvaci\u00f3n del mundo y Juan Bautista es el primer testigo de esta acci\u00f3n salvadora de Dios.<\/p>\n\n\n\n<p>&nbsp;Estamos a los comienzos de la predicaci\u00f3n p\u00fablica de Jes\u00fas, y llama la atenci\u00f3n la manera silenciosa de manifestarse al mundo.<\/p>\n\n\n\n<p>Como ocurri\u00f3 en Bel\u00e9n, cuando naci\u00f3, lo mismo ahora, en el r\u00edo Jord\u00e1n, Jes\u00fas se presenta de una manera desapercibida, sum\u00e1ndose a la hilera de pecadores que iban a bautizarse por Juan. Dios no es proclive de grandes espect\u00e1culos y hechos maravillosos para revelar su presencia, al contrario, cuanto m\u00e1s se esconde m\u00e1s se revela.<\/p>\n\n\n\n<p>\u200bEl profeta Isa\u00edas, en la primera lectura, se siente llamado desde el seno materno a cumplir una misi\u00f3n: llegar a ser luz de las naciones y que llegue la salvaci\u00f3n a los confines de la tierra. Evidentemente esta profec\u00eda llegar\u00e1 a cumplirse plenamente en la persona de Jes\u00fas. Isa\u00edas reconoce que es valioso a los ojos de Dios y esta es una gran verdad: para Dios valemos mucho, tanto que una gota de la Sangre de Cristo ha tocado nuestra existencia.<\/p>\n\n\n\n<p>&nbsp;El precio de nuestras vidas es la redenci\u00f3n de Jesucristo, su entrega, su muerte y su resurrecci\u00f3n. No podemos pagar esta deuda sino con la entrega y generosidad constante en el servicio a los dem\u00e1s.<\/p>\n\n\n\n<p>Reconocernos valiosos a los ojos de Dios hace que respetemos la vida en todas sus dimensiones, no podemos disponer a nuestro arbitrio un don de Dios tan valioso como es la vida. Cada vez que el hombre se erige como due\u00f1o de la vida de los dem\u00e1s asume un derecho reservado exclusivamente a Dios, el respeto por la vida es respeto a Dios, y por el contrario, la mentalidad anti-vida y las acciones consecuentes son rechazo del se\u00f1or\u00edo de Dios en las leyes naturales de la vida humana.<\/p>\n\n\n\n<p>\u200bFinalmente San Pablo, en la segunda lectura, escribe a la comunidad de Corintio dese\u00e1ndoles que la \u00abgracia y la paz\u00bb de Dios llegue a todos los fieles. La Gracia es fundamental para nuestra vida cristiana, es un regalo inmenso de Dios, sin ella es imposible vivir como nos ense\u00f1\u00f3 Jes\u00fas: pedir la gracia, confiar en ella, abrirnos a su acci\u00f3n, no interponer barreras, ser d\u00f3ciles, son, entre muchas otras, disposiciones de nuestra existencia cristiana. <\/p>\n\n\n\n<p>La gracia de Dios siempre va acompa\u00f1ada de la paz, esa sensaci\u00f3n profunda del coraz\u00f3n que proviene de Dios y nos hace entrar en armon\u00eda con nuestros semejantes. Pidamos a Mar\u00eda, la \u00abllena de gracia\u00bb que nos conceda la paz que proviene de Dios y nos animemos a trabajar en este mundo tan necesitado de ella.<\/p>\n\n\n\n<p><\/p>\n\n\n\n<p><strong>Mons. Ernesto Giobando s.j.<\/strong><\/p>\n\n\n\n<p><strong>Obispo| Di\u00f3cesis de Mar del Plata<\/strong><\/p>\n\n\n\n<p><a href=\"https:\/\/drive.google.com\/file\/d\/18kodXQukiuUDK8DT22USAHyCtZkh1W_D\/view?usp=sharing\">https:\/\/drive.google.com\/file\/d\/18kodXQukiuUDK8DT22USAHyCtZkh1W_D\/view?usp=sharing<\/a><\/p>\n\n\n\n<figure class=\"wp-block-image size-large\"><img loading=\"lazy\" width=\"1024\" height=\"768\" src=\"https:\/\/www.obispado-mdp.org.ar\/a\/wp-content\/uploads\/2026\/01\/Portadas-web-10-1024x768.png\" alt=\"\" class=\"wp-image-48492\"\/><\/figure>\n","protected":false},"excerpt":{"rendered":"<p>\u00abDoy testimonio de que \u00e9l es el Hijo de Dios\u00bb. \u200bJuan Bautista, el \u00faltimo de los profetas en Israel, no duda en se\u00f1alar a Jes\u00fas como el \u00abCordero de Dios que quita el pecado del mundo\u00bb; ha visto descender sobre \u00e9l al Esp\u00edritu Santo en forma de paloma, y Dios Padre revela que Jes\u00fas es [&hellip;]<\/p>\n","protected":false},"author":4,"featured_media":0,"comment_status":"open","ping_status":"open","sticky":false,"template":"","format":"standard","meta":{"_et_pb_use_builder":"","_et_pb_old_content":"","_et_gb_content_width":""},"categories":[4],"tags":[],"aioseo_notices":[],"_links":{"self":[{"href":"https:\/\/www.obispado-mdp.org.ar\/a\/wp-json\/wp\/v2\/posts\/48488"}],"collection":[{"href":"https:\/\/www.obispado-mdp.org.ar\/a\/wp-json\/wp\/v2\/posts"}],"about":[{"href":"https:\/\/www.obispado-mdp.org.ar\/a\/wp-json\/wp\/v2\/types\/post"}],"author":[{"embeddable":true,"href":"https:\/\/www.obispado-mdp.org.ar\/a\/wp-json\/wp\/v2\/users\/4"}],"replies":[{"embeddable":true,"href":"https:\/\/www.obispado-mdp.org.ar\/a\/wp-json\/wp\/v2\/comments?post=48488"}],"version-history":[{"count":4,"href":"https:\/\/www.obispado-mdp.org.ar\/a\/wp-json\/wp\/v2\/posts\/48488\/revisions"}],"predecessor-version":[{"id":48494,"href":"https:\/\/www.obispado-mdp.org.ar\/a\/wp-json\/wp\/v2\/posts\/48488\/revisions\/48494"}],"wp:attachment":[{"href":"https:\/\/www.obispado-mdp.org.ar\/a\/wp-json\/wp\/v2\/media?parent=48488"}],"wp:term":[{"taxonomy":"category","embeddable":true,"href":"https:\/\/www.obispado-mdp.org.ar\/a\/wp-json\/wp\/v2\/categories?post=48488"},{"taxonomy":"post_tag","embeddable":true,"href":"https:\/\/www.obispado-mdp.org.ar\/a\/wp-json\/wp\/v2\/tags?post=48488"}],"curies":[{"name":"wp","href":"https:\/\/api.w.org\/{rel}","templated":true}]}}