{"id":48495,"date":"2026-01-07T11:19:00","date_gmt":"2026-01-07T14:19:00","guid":{"rendered":"https:\/\/www.obispado-mdp.org.ar\/a\/?p=48495"},"modified":"2026-01-22T11:25:08","modified_gmt":"2026-01-22T14:25:08","slug":"navidad-junto-al-lago-mons-ernesto-giobando-dio-la-bendicion-e-invito-a-ser-protagonistas-del-encuentro-con-jesus","status":"publish","type":"post","link":"https:\/\/www.obispado-mdp.org.ar\/a\/navidad-junto-al-lago-mons-ernesto-giobando-dio-la-bendicion-e-invito-a-ser-protagonistas-del-encuentro-con-jesus\/","title":{"rendered":"Navidad Junto al Lago: Mons. Ernesto Giobando dio la bendici\u00f3n e invit\u00f3 a ser protagonistas del encuentro con Jes\u00fas"},"content":{"rendered":"\n<p>Al inicio del espect\u00e1culo Navidad Junto al Lago, que se realiza cada a\u00f1o en la Estancia Santa Mar\u00eda de la Armon\u00eda, el obispo diocesano, monse\u00f1or Ernesto Giobando sj., comparti\u00f3 una reflexi\u00f3n y dio la bendici\u00f3n, invitando a vivir esta experiencia no como simples espectadores sino como verdaderos protagonistas de la historia de la salvaci\u00f3n.<\/p>\n\n\n\n<p>El Obispo se\u00f1al\u00f3 que la propuesta de Navidad Junto al Lago permite contemplar lo ocurrido hace m\u00e1s de 2000 a\u00f1os, pero sobre todo preguntarse qu\u00e9 sucede hoy: \u201c\u00bfQu\u00e9 ocurre hoy en mi historia?, \u00bfc\u00f3mo repercute en mi vida?, \u00bfd\u00f3nde me invita Dios a ubicarme?\u201d. En ese sentido, subray\u00f3 que Jes\u00fas \u201cno es un personaje, sino el protagonista\u201d de esta historia que contin\u00faa haci\u00e9ndose presente.<\/p>\n\n\n\n<p>Mons. Giobando record\u00f3 tambi\u00e9n que la celebraci\u00f3n coincide con la fiesta del Nombre de Jes\u00fas, invitando a repetirlo en silencio en el coraz\u00f3n: \u201cRepetimos en silencio el nombre de Jes\u00fas, en el coraz\u00f3n\u201d. Evoc\u00f3 a Mar\u00eda, que como toda madre pronunciaba ese nombre con amor, y destac\u00f3 que \u201cpor ese nombre recibimos la salvaci\u00f3n\u201d.<\/p>\n\n\n\n<p>Finalmente, expres\u00f3 que Navidad Junto al Lago es un encuentro con Jes\u00fas, una experiencia que renueva la esperanza a\u00fan al concluir el A\u00f1o de la Esperanza, porque \u201cla esperanza no termina, se renueva\u201d. Tras sus palabras, el obispo imparti\u00f3 la bendici\u00f3n que dio inicio al espect\u00e1culo.<\/p>\n\n\n\n<figure class=\"wp-block-image size-large\"><img loading=\"lazy\" width=\"768\" height=\"1024\" src=\"https:\/\/www.obispado-mdp.org.ar\/a\/wp-content\/uploads\/2026\/01\/WhatsApp-Image-2026-01-05-at-8.10.15-AM-768x1024.jpeg\" alt=\"\" class=\"wp-image-48497\"\/><\/figure>\n","protected":false},"excerpt":{"rendered":"<p>Al inicio del espect\u00e1culo Navidad Junto al Lago, que se realiza cada a\u00f1o en la Estancia Santa Mar\u00eda de la Armon\u00eda, el obispo diocesano, monse\u00f1or Ernesto Giobando sj., comparti\u00f3 una reflexi\u00f3n y dio la bendici\u00f3n, invitando a vivir esta experiencia no como simples espectadores sino como verdaderos protagonistas de la historia de la salvaci\u00f3n. El [&hellip;]<\/p>\n","protected":false},"author":4,"featured_media":0,"comment_status":"open","ping_status":"open","sticky":false,"template":"","format":"standard","meta":{"_et_pb_use_builder":"","_et_pb_old_content":"","_et_gb_content_width":""},"categories":[4],"tags":[],"aioseo_notices":[],"_links":{"self":[{"href":"https:\/\/www.obispado-mdp.org.ar\/a\/wp-json\/wp\/v2\/posts\/48495"}],"collection":[{"href":"https:\/\/www.obispado-mdp.org.ar\/a\/wp-json\/wp\/v2\/posts"}],"about":[{"href":"https:\/\/www.obispado-mdp.org.ar\/a\/wp-json\/wp\/v2\/types\/post"}],"author":[{"embeddable":true,"href":"https:\/\/www.obispado-mdp.org.ar\/a\/wp-json\/wp\/v2\/users\/4"}],"replies":[{"embeddable":true,"href":"https:\/\/www.obispado-mdp.org.ar\/a\/wp-json\/wp\/v2\/comments?post=48495"}],"version-history":[{"count":2,"href":"https:\/\/www.obispado-mdp.org.ar\/a\/wp-json\/wp\/v2\/posts\/48495\/revisions"}],"predecessor-version":[{"id":48498,"href":"https:\/\/www.obispado-mdp.org.ar\/a\/wp-json\/wp\/v2\/posts\/48495\/revisions\/48498"}],"wp:attachment":[{"href":"https:\/\/www.obispado-mdp.org.ar\/a\/wp-json\/wp\/v2\/media?parent=48495"}],"wp:term":[{"taxonomy":"category","embeddable":true,"href":"https:\/\/www.obispado-mdp.org.ar\/a\/wp-json\/wp\/v2\/categories?post=48495"},{"taxonomy":"post_tag","embeddable":true,"href":"https:\/\/www.obispado-mdp.org.ar\/a\/wp-json\/wp\/v2\/tags?post=48495"}],"curies":[{"name":"wp","href":"https:\/\/api.w.org\/{rel}","templated":true}]}}