{"id":48499,"date":"2026-01-22T11:28:29","date_gmt":"2026-01-22T14:28:29","guid":{"rendered":"https:\/\/www.obispado-mdp.org.ar\/a\/?p=48499"},"modified":"2026-01-22T11:28:30","modified_gmt":"2026-01-22T14:28:30","slug":"jovenes-del-mjd-realizaron-una-mision-en-el-barrio-las-flores-de-miramar","status":"publish","type":"post","link":"https:\/\/www.obispado-mdp.org.ar\/a\/jovenes-del-mjd-realizaron-una-mision-en-el-barrio-las-flores-de-miramar\/","title":{"rendered":"J\u00f3venes del MJD realizaron una misi\u00f3n en el barrio Las Flores de Miramar"},"content":{"rendered":"\n<p>Del 13 al 18 de enero, 30 j\u00f3venes de la di\u00f3cesis, integrantes del grupo misionero del MJD <em>\u201cNuestra Se\u00f1ora de Luj\u00e1n\u201d<\/em>, realizaron una misi\u00f3n en la ciudad de Miramar, en el barrio Las Flores.<\/p>\n\n\n\n<p>Durante las ma\u00f1anas, los j\u00f3venes llevaron adelante la misi\u00f3n casa por casa, compartiendo encuentros y di\u00e1logos con las familias del barrio. Por las tardes se desarrollaron actividades recreativas abiertas a la comunidad, que culminaron cada d\u00eda con la celebraci\u00f3n de la Santa Misa.<\/p>\n\n\n\n<p>Las celebraciones eucar\u00edsticas fueron presididas el d\u00eda viernes por el Obispo diocesano, Mons. Ernesto, y durante el resto de la semana por el padre Luis, p\u00e1rroco de la comunidad, y el padre Lucas, asesor de la Pastoral Juvenil.<\/p>\n\n\n\n<p>La misi\u00f3n permiti\u00f3 a los j\u00f3venes compartir la fe y la vida con la comunidad local, en un espacio de encuentro, oraci\u00f3n y servicio.<\/p>\n\n\n\n<figure class=\"wp-block-image size-large\"><img loading=\"lazy\" width=\"1024\" height=\"768\" src=\"https:\/\/www.obispado-mdp.org.ar\/a\/wp-content\/uploads\/2026\/01\/WhatsApp-Image-2026-01-20-at-10.53.55-AM-3-1024x768.jpeg\" alt=\"\" class=\"wp-image-48500\"\/><\/figure>\n\n\n\n<figure class=\"wp-block-image size-large\"><img loading=\"lazy\" width=\"1024\" height=\"576\" src=\"https:\/\/www.obispado-mdp.org.ar\/a\/wp-content\/uploads\/2026\/01\/WhatsApp-Image-2026-01-20-at-10.53.55-AM-4-1024x576.jpeg\" alt=\"\" class=\"wp-image-48501\"\/><\/figure>\n\n\n\n<figure class=\"wp-block-image size-large\"><img loading=\"lazy\" width=\"1024\" height=\"768\" src=\"https:\/\/www.obispado-mdp.org.ar\/a\/wp-content\/uploads\/2026\/01\/WhatsApp-Image-2026-01-20-at-10.53.55-AM-5-1024x768.jpeg\" alt=\"\" class=\"wp-image-48502\"\/><\/figure>\n\n\n\n<figure class=\"wp-block-image size-large\"><img loading=\"lazy\" width=\"1024\" height=\"576\" src=\"https:\/\/www.obispado-mdp.org.ar\/a\/wp-content\/uploads\/2026\/01\/WhatsApp-Image-2026-01-20-at-10.53.56-AM-3-1024x576.jpeg\" alt=\"\" class=\"wp-image-48503\"\/><\/figure>\n\n\n\n<figure class=\"wp-block-image size-large\"><img loading=\"lazy\" width=\"1024\" height=\"680\" src=\"https:\/\/www.obispado-mdp.org.ar\/a\/wp-content\/uploads\/2026\/01\/WhatsApp-Image-2026-01-20-at-10.53.56-AM-4-1024x680.jpeg\" alt=\"\" class=\"wp-image-48504\"\/><\/figure>\n\n\n\n<figure class=\"wp-block-image size-large is-resized\"><img loading=\"lazy\" src=\"https:\/\/www.obispado-mdp.org.ar\/a\/wp-content\/uploads\/2026\/01\/WhatsApp-Image-2026-01-20-at-10.53.54-AM-7-768x1024.jpeg\" alt=\"\" class=\"wp-image-48505\" width=\"814\" height=\"1085\"\/><\/figure>\n\n\n\n<figure class=\"wp-block-image size-large\"><img loading=\"lazy\" width=\"768\" height=\"1024\" src=\"https:\/\/www.obispado-mdp.org.ar\/a\/wp-content\/uploads\/2026\/01\/WhatsApp-Image-2026-01-20-at-10.53.54-AM-6-768x1024.jpeg\" alt=\"\" class=\"wp-image-48506\"\/><\/figure>\n","protected":false},"excerpt":{"rendered":"<p>Del 13 al 18 de enero, 30 j\u00f3venes de la di\u00f3cesis, integrantes del grupo misionero del MJD \u201cNuestra Se\u00f1ora de Luj\u00e1n\u201d, realizaron una misi\u00f3n en la ciudad de Miramar, en el barrio Las Flores. Durante las ma\u00f1anas, los j\u00f3venes llevaron adelante la misi\u00f3n casa por casa, compartiendo encuentros y di\u00e1logos con las familias del barrio. [&hellip;]<\/p>\n","protected":false},"author":4,"featured_media":0,"comment_status":"open","ping_status":"open","sticky":false,"template":"","format":"standard","meta":{"_et_pb_use_builder":"","_et_pb_old_content":"","_et_gb_content_width":""},"categories":[4],"tags":[],"aioseo_notices":[],"_links":{"self":[{"href":"https:\/\/www.obispado-mdp.org.ar\/a\/wp-json\/wp\/v2\/posts\/48499"}],"collection":[{"href":"https:\/\/www.obispado-mdp.org.ar\/a\/wp-json\/wp\/v2\/posts"}],"about":[{"href":"https:\/\/www.obispado-mdp.org.ar\/a\/wp-json\/wp\/v2\/types\/post"}],"author":[{"embeddable":true,"href":"https:\/\/www.obispado-mdp.org.ar\/a\/wp-json\/wp\/v2\/users\/4"}],"replies":[{"embeddable":true,"href":"https:\/\/www.obispado-mdp.org.ar\/a\/wp-json\/wp\/v2\/comments?post=48499"}],"version-history":[{"count":1,"href":"https:\/\/www.obispado-mdp.org.ar\/a\/wp-json\/wp\/v2\/posts\/48499\/revisions"}],"predecessor-version":[{"id":48507,"href":"https:\/\/www.obispado-mdp.org.ar\/a\/wp-json\/wp\/v2\/posts\/48499\/revisions\/48507"}],"wp:attachment":[{"href":"https:\/\/www.obispado-mdp.org.ar\/a\/wp-json\/wp\/v2\/media?parent=48499"}],"wp:term":[{"taxonomy":"category","embeddable":true,"href":"https:\/\/www.obispado-mdp.org.ar\/a\/wp-json\/wp\/v2\/categories?post=48499"},{"taxonomy":"post_tag","embeddable":true,"href":"https:\/\/www.obispado-mdp.org.ar\/a\/wp-json\/wp\/v2\/tags?post=48499"}],"curies":[{"name":"wp","href":"https:\/\/api.w.org\/{rel}","templated":true}]}}