{"id":48594,"date":"2026-04-25T18:30:00","date_gmt":"2026-04-25T21:30:00","guid":{"rendered":"https:\/\/www.obispado-mdp.org.ar\/a\/?p=48594"},"modified":"2026-02-02T08:01:52","modified_gmt":"2026-02-02T11:01:52","slug":"evangelio-segun-san-juan-101-10-5","status":"publish","type":"post","link":"https:\/\/www.obispado-mdp.org.ar\/a\/evangelio-segun-san-juan-101-10-5\/","title":{"rendered":"Evangelio seg\u00fan\u00a0San Juan\u00a010,1-10."},"content":{"rendered":"\n<p>Jes\u00fas dijo a los fariseos: \u00abLes aseguro que el que no entra por la puerta en el corral de las ovejas, sino por otro lado, es un ladr\u00f3n y un asaltante.<br>El que entra por la puerta es el pastor de las ovejas.<br>El guardi\u00e1n le abre y las ovejas escuchan su voz. El llama a cada una por su nombre y las hace salir.<br>Cuando las ha sacado a todas, va delante de ellas y las ovejas lo siguen, porque conocen su voz.<br>Nunca seguir\u00e1n a un extra\u00f1o, sino que huir\u00e1n de \u00e9l, porque no conocen su voz\u00bb.<br>Jes\u00fas les hizo esta comparaci\u00f3n, pero ellos no comprendieron lo que les quer\u00eda decir.<br>Entonces Jes\u00fas prosigui\u00f3: \u00abLes aseguro que yo soy la puerta de las ovejas.<br>Todos aquellos que han venido antes de m\u00ed son ladrones y asaltantes, pero las ovejas no los han escuchado.<br>Yo soy la puerta. El que entra por m\u00ed se salvar\u00e1; podr\u00e1 entrar y salir, y encontrar\u00e1 su alimento.<br>El ladr\u00f3n no viene sino para robar, matar y destruir. Pero yo he venido para que las ovejas tengan Vida, y la tengan en abundancia.\u00bb<\/p>\n\n\n\n<p class=\"has-text-align-right\"><em>Extra\u00eddo de la Biblia: Libro del Pueblo de Dios. <\/em><\/p>\n","protected":false},"excerpt":{"rendered":"<p>Jes\u00fas dijo a los fariseos: \u00abLes aseguro que el que no entra por la puerta en el corral de las ovejas, sino por otro lado, es un ladr\u00f3n y un asaltante.El que entra por la puerta es el pastor de las ovejas.El guardi\u00e1n le abre y las ovejas escuchan su voz. El llama a cada [&hellip;]<\/p>\n","protected":false},"author":3,"featured_media":31456,"comment_status":"open","ping_status":"closed","sticky":false,"template":"","format":"standard","meta":{"_et_pb_use_builder":"off","_et_pb_old_content":"<!-- wp:paragraph -->\n<p> Al atardecer de ese mismo d\u00eda, el primero de la semana, estando cerradas las puertas del lugar donde se encontraban los disc\u00edpulos, por temor a los jud\u00edos, lleg\u00f3 Jes\u00fas y poni\u00e9ndose en medio de ellos, les dijo: \"\u00a1La paz est\u00e9 con ustedes!\".<br>Mientras dec\u00eda esto, les mostr\u00f3 sus manos y su costado. Los disc\u00edpulos se llenaron de alegr\u00eda cuando vieron al Se\u00f1or.<br>Jes\u00fas les dijo de nuevo: \"\u00a1La paz est\u00e9 con ustedes! Como el Padre me envi\u00f3 a m\u00ed, yo tambi\u00e9n los env\u00edo a ustedes\".<br>Al decirles esto, sopl\u00f3 sobre ellos y a\u00f1adi\u00f3: \"Reciban el Esp\u00edritu Santo.<br>Los pecados ser\u00e1n perdonados a los que ustedes se los perdonen, y ser\u00e1n retenidos a los que ustedes se los retengan\". <\/p>\n<!-- \/wp:paragraph -->\n\n<!-- wp:paragraph {\"align\":\"right\"} -->\n<p class=\"has-text-align-right\"><em>Extra\u00eddo de la Biblia: Libro del Pueblo de Dios. <\/em><\/p>\n<!-- \/wp:paragraph -->","_et_gb_content_width":""},"categories":[6],"tags":[],"aioseo_notices":[],"_links":{"self":[{"href":"https:\/\/www.obispado-mdp.org.ar\/a\/wp-json\/wp\/v2\/posts\/48594"}],"collection":[{"href":"https:\/\/www.obispado-mdp.org.ar\/a\/wp-json\/wp\/v2\/posts"}],"about":[{"href":"https:\/\/www.obispado-mdp.org.ar\/a\/wp-json\/wp\/v2\/types\/post"}],"author":[{"embeddable":true,"href":"https:\/\/www.obispado-mdp.org.ar\/a\/wp-json\/wp\/v2\/users\/3"}],"replies":[{"embeddable":true,"href":"https:\/\/www.obispado-mdp.org.ar\/a\/wp-json\/wp\/v2\/comments?post=48594"}],"version-history":[{"count":1,"href":"https:\/\/www.obispado-mdp.org.ar\/a\/wp-json\/wp\/v2\/posts\/48594\/revisions"}],"predecessor-version":[{"id":48595,"href":"https:\/\/www.obispado-mdp.org.ar\/a\/wp-json\/wp\/v2\/posts\/48594\/revisions\/48595"}],"wp:featuredmedia":[{"embeddable":true,"href":"https:\/\/www.obispado-mdp.org.ar\/a\/wp-json\/wp\/v2\/media\/31456"}],"wp:attachment":[{"href":"https:\/\/www.obispado-mdp.org.ar\/a\/wp-json\/wp\/v2\/media?parent=48594"}],"wp:term":[{"taxonomy":"category","embeddable":true,"href":"https:\/\/www.obispado-mdp.org.ar\/a\/wp-json\/wp\/v2\/categories?post=48594"},{"taxonomy":"post_tag","embeddable":true,"href":"https:\/\/www.obispado-mdp.org.ar\/a\/wp-json\/wp\/v2\/tags?post=48594"}],"curies":[{"name":"wp","href":"https:\/\/api.w.org\/{rel}","templated":true}]}}