{"id":48598,"date":"2026-04-27T18:30:00","date_gmt":"2026-04-27T21:30:00","guid":{"rendered":"https:\/\/www.obispado-mdp.org.ar\/a\/?p=48598"},"modified":"2026-02-02T08:03:43","modified_gmt":"2026-02-02T11:03:43","slug":"evangelio-segun-san-juan-1022-30-3","status":"publish","type":"post","link":"https:\/\/www.obispado-mdp.org.ar\/a\/evangelio-segun-san-juan-1022-30-3\/","title":{"rendered":"Evangelio seg\u00fan\u00a0San Juan\u00a010,22-30."},"content":{"rendered":"\n<p>Se celebraba entonces en Jerusal\u00e9n la fiesta de la Dedicaci\u00f3n. Era invierno,<br>y Jes\u00fas se paseaba por el Templo, en el P\u00f3rtico de Salom\u00f3n.<br>Los jud\u00edos lo rodearon y le preguntaron: \u00ab\u00bfHasta cu\u00e1ndo nos tendr\u00e1s en suspenso? Si eres el Mes\u00edas, dilo abiertamente\u00bb.<br>Jes\u00fas les respondi\u00f3: \u00abYa se lo dije, pero ustedes no lo creen. Las obras que hago en nombre de mi Padre dan testimonio de m\u00ed,<br>pero ustedes no creen, porque no son de mis ovejas.<br>Mis ovejas escuchan mi voz, yo las conozco y ellas me siguen.<br>Yo les doy Vida eterna: ellas no perecer\u00e1n jam\u00e1s y nadie las arrebatar\u00e1 de mis manos.<br>Mi Padre, que me las ha dado, es superior a todos y nadie puede arrebatar nada de las manos de mi Padre.<br>El Padre y yo somos una sola cosa\u00bb.<\/p>\n\n\n\n<p class=\"has-text-align-right\"><em>Extra\u00eddo de la Biblia: Libro del Pueblo de Dios. <\/em><\/p>\n","protected":false},"excerpt":{"rendered":"<p>Se celebraba entonces en Jerusal\u00e9n la fiesta de la Dedicaci\u00f3n. Era invierno,y Jes\u00fas se paseaba por el Templo, en el P\u00f3rtico de Salom\u00f3n.Los jud\u00edos lo rodearon y le preguntaron: \u00ab\u00bfHasta cu\u00e1ndo nos tendr\u00e1s en suspenso? Si eres el Mes\u00edas, dilo abiertamente\u00bb.Jes\u00fas les respondi\u00f3: \u00abYa se lo dije, pero ustedes no lo creen. Las obras que [&hellip;]<\/p>\n","protected":false},"author":3,"featured_media":31452,"comment_status":"open","ping_status":"closed","sticky":false,"template":"","format":"standard","meta":{"_et_pb_use_builder":"off","_et_pb_old_content":"<!-- wp:paragraph -->\n<p> Al atardecer de ese mismo d\u00eda, el primero de la semana, estando cerradas las puertas del lugar donde se encontraban los disc\u00edpulos, por temor a los jud\u00edos, lleg\u00f3 Jes\u00fas y poni\u00e9ndose en medio de ellos, les dijo: \"\u00a1La paz est\u00e9 con ustedes!\".<br>Mientras dec\u00eda esto, les mostr\u00f3 sus manos y su costado. Los disc\u00edpulos se llenaron de alegr\u00eda cuando vieron al Se\u00f1or.<br>Jes\u00fas les dijo de nuevo: \"\u00a1La paz est\u00e9 con ustedes! Como el Padre me envi\u00f3 a m\u00ed, yo tambi\u00e9n los env\u00edo a ustedes\".<br>Al decirles esto, sopl\u00f3 sobre ellos y a\u00f1adi\u00f3: \"Reciban el Esp\u00edritu Santo.<br>Los pecados ser\u00e1n perdonados a los que ustedes se los perdonen, y ser\u00e1n retenidos a los que ustedes se los retengan\". <\/p>\n<!-- \/wp:paragraph -->\n\n<!-- wp:paragraph {\"align\":\"right\"} -->\n<p class=\"has-text-align-right\"><em>Extra\u00eddo de la Biblia: Libro del Pueblo de Dios. <\/em><\/p>\n<!-- \/wp:paragraph -->","_et_gb_content_width":""},"categories":[6],"tags":[],"aioseo_notices":[],"_links":{"self":[{"href":"https:\/\/www.obispado-mdp.org.ar\/a\/wp-json\/wp\/v2\/posts\/48598"}],"collection":[{"href":"https:\/\/www.obispado-mdp.org.ar\/a\/wp-json\/wp\/v2\/posts"}],"about":[{"href":"https:\/\/www.obispado-mdp.org.ar\/a\/wp-json\/wp\/v2\/types\/post"}],"author":[{"embeddable":true,"href":"https:\/\/www.obispado-mdp.org.ar\/a\/wp-json\/wp\/v2\/users\/3"}],"replies":[{"embeddable":true,"href":"https:\/\/www.obispado-mdp.org.ar\/a\/wp-json\/wp\/v2\/comments?post=48598"}],"version-history":[{"count":1,"href":"https:\/\/www.obispado-mdp.org.ar\/a\/wp-json\/wp\/v2\/posts\/48598\/revisions"}],"predecessor-version":[{"id":48599,"href":"https:\/\/www.obispado-mdp.org.ar\/a\/wp-json\/wp\/v2\/posts\/48598\/revisions\/48599"}],"wp:featuredmedia":[{"embeddable":true,"href":"https:\/\/www.obispado-mdp.org.ar\/a\/wp-json\/wp\/v2\/media\/31452"}],"wp:attachment":[{"href":"https:\/\/www.obispado-mdp.org.ar\/a\/wp-json\/wp\/v2\/media?parent=48598"}],"wp:term":[{"taxonomy":"category","embeddable":true,"href":"https:\/\/www.obispado-mdp.org.ar\/a\/wp-json\/wp\/v2\/categories?post=48598"},{"taxonomy":"post_tag","embeddable":true,"href":"https:\/\/www.obispado-mdp.org.ar\/a\/wp-json\/wp\/v2\/tags?post=48598"}],"curies":[{"name":"wp","href":"https:\/\/api.w.org\/{rel}","templated":true}]}}