{"id":48631,"date":"2026-02-03T13:37:00","date_gmt":"2026-02-03T16:37:00","guid":{"rendered":"https:\/\/www.obispado-mdp.org.ar\/a\/?p=48631"},"modified":"2026-02-05T14:28:12","modified_gmt":"2026-02-05T17:28:12","slug":"el-obispo-presidio-la-misa-en-la-festividad-de-san-blas","status":"publish","type":"post","link":"https:\/\/www.obispado-mdp.org.ar\/a\/el-obispo-presidio-la-misa-en-la-festividad-de-san-blas\/","title":{"rendered":"El obispo presidi\u00f3 la Misa en la festividad de San Blas"},"content":{"rendered":"\n<p>El pasado 3 de febrero se celebraron las fiestas patronales de la Capilla San Blas, perteneciente a la Parroquia San Cayetano, ubicada en Quintana 6400, en la ciudad de Mar del Plata.<\/p>\n\n\n\n<p>La Santa Misa fue presidida por el obispo de Mar del Plata, Mons. Ernesto Giobando SJ, y concelebrada por el p\u00e1rroco de San Cayetano, Pbro. David Ochoa. Durante la celebraci\u00f3n se realiz\u00f3 la tradicional bendici\u00f3n de gargantas, en honor a San Blas, patrono de quienes padecen afecciones de la garganta.<\/p>\n\n\n\n<p>Previamente a la misa tuvo lugar una procesi\u00f3n con la imagen del santo, durante la cual numerosos vecinos se acercaron para recibir la bendici\u00f3n del obispo. La procesi\u00f3n incluy\u00f3 el Mercado Comunitario Central, donde se ingres\u00f3 para bendecir a comerciantes y transe\u00fantes.<\/p>\n\n\n\n<figure class=\"wp-block-image size-large\"><img loading=\"lazy\" width=\"1024\" height=\"768\" src=\"https:\/\/www.obispado-mdp.org.ar\/a\/wp-content\/uploads\/2026\/02\/Portadas-web-13-1024x768.png\" alt=\"\" class=\"wp-image-48641\"\/><\/figure>\n\n\n\n<p>La celebraci\u00f3n cont\u00f3 adem\u00e1s con la presencia de representantes de la colectividad armenia, quienes participaron vistiendo trajes t\u00edpicos, aportando un valioso signo de fe y tradici\u00f3n.<\/p>\n\n\n\n<p>San Blas, obispo y m\u00e1rtir del siglo IV, es reconocido por los milagros atribuidos a su intercesi\u00f3n, especialmente la curaci\u00f3n de enfermedades de la garganta, motivo por el cual se realiza el gesto de la bendici\u00f3n de gargantas en la Misa por su festividad.<\/p>\n\n\n\n<figure class=\"wp-block-image size-large is-resized\"><img loading=\"lazy\" src=\"https:\/\/www.obispado-mdp.org.ar\/a\/wp-content\/uploads\/2026\/02\/WhatsApp-Image-2026-02-05-at-9.16.50-AM-768x1024.jpeg\" alt=\"\" class=\"wp-image-48632\" width=\"819\" height=\"1092\"\/><\/figure>\n\n\n\n<figure class=\"wp-block-image size-large is-resized\"><img loading=\"lazy\" src=\"https:\/\/www.obispado-mdp.org.ar\/a\/wp-content\/uploads\/2026\/02\/WhatsApp-Image-2026-02-05-at-9.16.48-AM-1-768x1024.jpeg\" alt=\"\" class=\"wp-image-48633\" width=\"820\" height=\"1093\"\/><\/figure>\n\n\n\n<figure class=\"wp-block-image size-large\"><img loading=\"lazy\" width=\"1024\" height=\"771\" src=\"https:\/\/www.obispado-mdp.org.ar\/a\/wp-content\/uploads\/2026\/02\/WhatsApp-Image-2026-02-05-at-9.16.38-AM-1-1024x771.jpeg\" alt=\"\" class=\"wp-image-48637\"\/><\/figure>\n\n\n\n<figure class=\"wp-block-image size-large\"><img loading=\"lazy\" width=\"1024\" height=\"771\" src=\"https:\/\/www.obispado-mdp.org.ar\/a\/wp-content\/uploads\/2026\/02\/WhatsApp-Image-2026-02-05-at-9.16.39-AM-1024x771.jpeg\" alt=\"\" class=\"wp-image-48634\"\/><\/figure>\n\n\n\n<figure class=\"wp-block-image size-large\"><img loading=\"lazy\" width=\"1024\" height=\"768\" src=\"https:\/\/www.obispado-mdp.org.ar\/a\/wp-content\/uploads\/2026\/02\/WhatsApp-Image-2026-02-05-at-9.16.41-AM-1024x768.jpeg\" alt=\"\" class=\"wp-image-48635\"\/><\/figure>\n\n\n\n<figure class=\"wp-block-image size-large\"><img loading=\"lazy\" width=\"1024\" height=\"771\" src=\"https:\/\/www.obispado-mdp.org.ar\/a\/wp-content\/uploads\/2026\/02\/WhatsApp-Image-2026-02-05-at-9.16.38-AM-2-1024x771.jpeg\" alt=\"\" class=\"wp-image-48636\"\/><\/figure>\n","protected":false},"excerpt":{"rendered":"<p>El pasado 3 de febrero se celebraron las fiestas patronales de la Capilla San Blas, perteneciente a la Parroquia San Cayetano, ubicada en Quintana 6400, en la ciudad de Mar del Plata. La Santa Misa fue presidida por el obispo de Mar del Plata, Mons. Ernesto Giobando SJ, y concelebrada por el p\u00e1rroco de San [&hellip;]<\/p>\n","protected":false},"author":4,"featured_media":0,"comment_status":"open","ping_status":"open","sticky":false,"template":"","format":"standard","meta":{"_et_pb_use_builder":"","_et_pb_old_content":"","_et_gb_content_width":""},"categories":[4],"tags":[],"aioseo_notices":[],"_links":{"self":[{"href":"https:\/\/www.obispado-mdp.org.ar\/a\/wp-json\/wp\/v2\/posts\/48631"}],"collection":[{"href":"https:\/\/www.obispado-mdp.org.ar\/a\/wp-json\/wp\/v2\/posts"}],"about":[{"href":"https:\/\/www.obispado-mdp.org.ar\/a\/wp-json\/wp\/v2\/types\/post"}],"author":[{"embeddable":true,"href":"https:\/\/www.obispado-mdp.org.ar\/a\/wp-json\/wp\/v2\/users\/4"}],"replies":[{"embeddable":true,"href":"https:\/\/www.obispado-mdp.org.ar\/a\/wp-json\/wp\/v2\/comments?post=48631"}],"version-history":[{"count":2,"href":"https:\/\/www.obispado-mdp.org.ar\/a\/wp-json\/wp\/v2\/posts\/48631\/revisions"}],"predecessor-version":[{"id":48642,"href":"https:\/\/www.obispado-mdp.org.ar\/a\/wp-json\/wp\/v2\/posts\/48631\/revisions\/48642"}],"wp:attachment":[{"href":"https:\/\/www.obispado-mdp.org.ar\/a\/wp-json\/wp\/v2\/media?parent=48631"}],"wp:term":[{"taxonomy":"category","embeddable":true,"href":"https:\/\/www.obispado-mdp.org.ar\/a\/wp-json\/wp\/v2\/categories?post=48631"},{"taxonomy":"post_tag","embeddable":true,"href":"https:\/\/www.obispado-mdp.org.ar\/a\/wp-json\/wp\/v2\/tags?post=48631"}],"curies":[{"name":"wp","href":"https:\/\/api.w.org\/{rel}","templated":true}]}}