{"id":48655,"date":"2026-02-02T18:09:00","date_gmt":"2026-02-02T21:09:00","guid":{"rendered":"https:\/\/www.obispado-mdp.org.ar\/a\/?p=48655"},"modified":"2026-02-09T16:42:53","modified_gmt":"2026-02-09T19:42:53","slug":"con-gran-devocion-se-celebro-a-la-virgen-stella-maris","status":"publish","type":"post","link":"https:\/\/www.obispado-mdp.org.ar\/a\/con-gran-devocion-se-celebro-a-la-virgen-stella-maris\/","title":{"rendered":"Con gran devoci\u00f3n, se celebr\u00f3 a la Virgen Stella Maris"},"content":{"rendered":"\n<p>Cientos de fieles se congregaron como cada a\u00f1o en la Iglesia Stella Maris, ubicada en Mendoza y Viamonte, para honrar a la Sant\u00edsima Virgen bajo esa advocaci\u00f3n particular, como patrona de los navegantes. La celebraci\u00f3n estuvo presidida por monse\u00f1or Ernesto Giobando sj. y concelebrada por los capellanes del Instituto Stella Maris Adoratrices, presb\u00edtero Gast\u00f3n Buono, y de la Base Naval Mar del Plata, presb\u00edtero David Ochoa, entre otros.<\/p>\n\n\n\n<p>El Obispo destac\u00f3 la devoci\u00f3n tan arraigada en la comunidad marplatense manifestada en la gran participaci\u00f3n de fieles, tanto locales como turistas, a la vez que dirigi\u00f3 un mensaje especial a los navegantes tanto del \u00e1mbito de la pesca como de las fuerzas armadas y de seguridad que patrullan nuestro mar, sobre quienes pidi\u00f3 la intersecci\u00f3n de la Virgen Stella Maris, a la vez que los exhort\u00f3 a que \u201cMar\u00eda sea siempre la estrella y br\u00fajula de su vida, como camino seguro a su Hijo.\u201d<\/p>\n\n\n\n<p>Finalmente agradeci\u00f3 a la congregaci\u00f3n de las Hermanas Adoratrices por su carisma ofrecido a la iglesia diocesana particularmente en la escuela que desde hace m\u00e1s de 100 a\u00f1os lleva adelante su misi\u00f3n educativa y cristiana.<\/p>\n\n\n\n<figure class=\"wp-block-image size-large\"><img loading=\"lazy\" width=\"1024\" height=\"682\" src=\"https:\/\/www.obispado-mdp.org.ar\/a\/wp-content\/uploads\/2026\/02\/WhatsApp-Image-2026-02-09-at-4.28.29-PM-1-1024x682.jpeg\" alt=\"\" class=\"wp-image-48677\"\/><\/figure>\n\n\n\n<figure class=\"wp-block-image size-large\"><img loading=\"lazy\" width=\"1024\" height=\"603\" src=\"https:\/\/www.obispado-mdp.org.ar\/a\/wp-content\/uploads\/2026\/02\/WhatsApp-Image-2026-02-09-at-4.28.28-PM-1024x603.jpeg\" alt=\"\" class=\"wp-image-48675\"\/><\/figure>\n\n\n\n<figure class=\"wp-block-image size-large is-resized\"><img loading=\"lazy\" src=\"https:\/\/www.obispado-mdp.org.ar\/a\/wp-content\/uploads\/2026\/02\/WhatsApp-Image-2026-02-09-at-4.28.30-PM-1-682x1024.jpeg\" alt=\"\" class=\"wp-image-48679\" width=\"822\" height=\"1234\"\/><\/figure>\n\n\n\n<figure class=\"wp-block-image size-large\"><img loading=\"lazy\" width=\"1024\" height=\"682\" src=\"https:\/\/www.obispado-mdp.org.ar\/a\/wp-content\/uploads\/2026\/02\/WhatsApp-Image-2026-02-09-at-4.28.29-PM-1024x682.jpeg\" alt=\"\" class=\"wp-image-48676\"\/><\/figure>\n\n\n\n<figure class=\"wp-block-image size-large\"><img loading=\"lazy\" width=\"1024\" height=\"682\" src=\"https:\/\/www.obispado-mdp.org.ar\/a\/wp-content\/uploads\/2026\/02\/WhatsApp-Image-2026-02-09-at-4.28.27-PM-1-1024x682.jpeg\" alt=\"\" class=\"wp-image-48680\"\/><\/figure>\n\n\n\n<figure class=\"wp-block-image size-large\"><img loading=\"lazy\" width=\"1024\" height=\"682\" src=\"https:\/\/www.obispado-mdp.org.ar\/a\/wp-content\/uploads\/2026\/02\/WhatsApp-Image-2026-02-09-at-4.28.29-PM-2-1024x682.jpeg\" alt=\"\" class=\"wp-image-48678\"\/><\/figure>\n\n\n\n<figure class=\"wp-block-image size-large\"><img loading=\"lazy\" width=\"1024\" height=\"682\" src=\"https:\/\/www.obispado-mdp.org.ar\/a\/wp-content\/uploads\/2026\/02\/WhatsApp-Image-2026-02-09-at-4.28.30-PM-1024x682.jpeg\" alt=\"\" class=\"wp-image-48681\"\/><\/figure>\n","protected":false},"excerpt":{"rendered":"<p>Cientos de fieles se congregaron como cada a\u00f1o en la Iglesia Stella Maris, ubicada en Mendoza y Viamonte, para honrar a la Sant\u00edsima Virgen bajo esa advocaci\u00f3n particular, como patrona de los navegantes. La celebraci\u00f3n estuvo presidida por monse\u00f1or Ernesto Giobando sj. y concelebrada por los capellanes del Instituto Stella Maris Adoratrices, presb\u00edtero Gast\u00f3n Buono, [&hellip;]<\/p>\n","protected":false},"author":4,"featured_media":0,"comment_status":"open","ping_status":"open","sticky":false,"template":"","format":"standard","meta":{"_et_pb_use_builder":"","_et_pb_old_content":"","_et_gb_content_width":""},"categories":[4],"tags":[],"aioseo_notices":[],"_links":{"self":[{"href":"https:\/\/www.obispado-mdp.org.ar\/a\/wp-json\/wp\/v2\/posts\/48655"}],"collection":[{"href":"https:\/\/www.obispado-mdp.org.ar\/a\/wp-json\/wp\/v2\/posts"}],"about":[{"href":"https:\/\/www.obispado-mdp.org.ar\/a\/wp-json\/wp\/v2\/types\/post"}],"author":[{"embeddable":true,"href":"https:\/\/www.obispado-mdp.org.ar\/a\/wp-json\/wp\/v2\/users\/4"}],"replies":[{"embeddable":true,"href":"https:\/\/www.obispado-mdp.org.ar\/a\/wp-json\/wp\/v2\/comments?post=48655"}],"version-history":[{"count":4,"href":"https:\/\/www.obispado-mdp.org.ar\/a\/wp-json\/wp\/v2\/posts\/48655\/revisions"}],"predecessor-version":[{"id":48686,"href":"https:\/\/www.obispado-mdp.org.ar\/a\/wp-json\/wp\/v2\/posts\/48655\/revisions\/48686"}],"wp:attachment":[{"href":"https:\/\/www.obispado-mdp.org.ar\/a\/wp-json\/wp\/v2\/media?parent=48655"}],"wp:term":[{"taxonomy":"category","embeddable":true,"href":"https:\/\/www.obispado-mdp.org.ar\/a\/wp-json\/wp\/v2\/categories?post=48655"},{"taxonomy":"post_tag","embeddable":true,"href":"https:\/\/www.obispado-mdp.org.ar\/a\/wp-json\/wp\/v2\/tags?post=48655"}],"curies":[{"name":"wp","href":"https:\/\/api.w.org\/{rel}","templated":true}]}}