{"id":49338,"date":"2026-04-27T10:47:13","date_gmt":"2026-04-27T13:47:13","guid":{"rendered":"https:\/\/www.obispado-mdp.org.ar\/a\/?p=49338"},"modified":"2026-04-27T12:12:38","modified_gmt":"2026-04-27T15:12:38","slug":"adolescentes-y-jovenes-celebraron-junto-al-obispo-la-jornada-del-buen-pastor","status":"publish","type":"post","link":"https:\/\/www.obispado-mdp.org.ar\/a\/adolescentes-y-jovenes-celebraron-junto-al-obispo-la-jornada-del-buen-pastor\/","title":{"rendered":"Adolescentes y j\u00f3venes celebraron junto al Obispo la Jornada del Buen Pastor"},"content":{"rendered":"\n<p>Con una fuerte participaci\u00f3n juvenil y un clima de alegr\u00eda y oraci\u00f3n, la di\u00f3cesis de Mar del Plata vivi\u00f3 la Jornada del Buen Pastor en el Colegio Don Orione, que culmin\u00f3 con la celebraci\u00f3n de la Misa en la parroquia San Jos\u00e9. La propuesta, organizada por la Pastoral Vocacional, reuni\u00f3 a cerca de 200 adolescentes y j\u00f3venes.<\/p>\n\n\n\n<p>A lo largo del d\u00eda se sucedieron momentos de animaci\u00f3n, espacios de reflexi\u00f3n en grupos y testimonios vocacionales que marcaron el pulso de la jornada. Un matrimonio, una religiosa y el propio obispo compartieron sus experiencias de vida como respuesta al llamado de Dios, abriendo caminos concretos para pensar la propia vocaci\u00f3n.<\/p>\n\n\n\n<p>El obispo diocesano, monse\u00f1or Ernesto Giobando SJ, acompa\u00f1\u00f3 toda la jornada y presidi\u00f3 la Eucarist\u00eda de cierre. Uno de los momentos m\u00e1s intensos fue la adoraci\u00f3n eucar\u00edstica, guiada por una religiosa, en un clima de profundo recogimiento. La bendici\u00f3n eucar\u00edstica estuvo a cargo del asesor de la Pastoral Vocacional, presb\u00edtero Juan Cruz Mennilli, coronando ese espacio de encuentro con el Se\u00f1or.<\/p>\n\n\n\n<p>En la homil\u00eda, monse\u00f1or Giobando ofreci\u00f3 una catequesis cercana y concreta a partir del signo del b\u00e1culo. \u201cVoy a predicar con este bast\u00f3n, que es el b\u00e1culo, y que los pastores usan tambi\u00e9n\u201d, dijo al comenzar, para explicar enseguida su sentido concreto: \u201cCuando hay una oveja que se est\u00e1 por caer o est\u00e1 en un lugar peligroso, el pastor con su bast\u00f3n la agarra del cuello para que no se caiga y la trae. Es como un salvavidas, para que no se pierda\u201d.<\/p>\n\n\n\n<p>Esa imagen le permiti\u00f3 profundizar el modo en que Jes\u00fas se vincula con cada persona. Record\u00f3 que \u201cel buen pastor conoce a sus ovejas por su nombre y nadie sigue a alguien desconocido\u201d, y por eso anim\u00f3 a los j\u00f3venes a afinar el o\u00eddo del coraz\u00f3n: \u201cTenemos que escuchar su voz, una voz que acoge, una voz que habla desde el coraz\u00f3n\u201d.<\/p>\n\n\n\n<p>Tambi\u00e9n subray\u00f3 la entrega total de Cristo, un pastor que \u201cno salva a medias, no se reserva, no dijo \u2018voy a ser pastor de 8 a 12\u2019\u201d, sino que \u201cse entreg\u00f3\u201d. De ese modo, remarc\u00f3 la cercan\u00eda personal del Se\u00f1or, que \u201cnos conoce de verdad\u201d.<\/p>\n\n\n\n<p>Seguidamente contrast\u00f3 esta propuesta con la cultura actual al preguntar: \u201c\u00bfSe imaginan un juego donde haya pastores que se destruyan?\u201d. Y advirti\u00f3 que \u201cestamos rodeados de violencia: tiros, muerte, explosiones, incluso desaf\u00edos de TikTok, todo por la l\u00ednea de la violencia\u201d. Frente a ese escenario, reafirm\u00f3 que Jes\u00fas \u201ces el buen pastor\u201d y \u201cla puerta\u201d, por la que \u201centramos al coraz\u00f3n de Jes\u00fas\u201d.<\/p>\n\n\n\n<p>Finalmente, invit\u00f3 a revisar las ideas sobre la felicidad, se\u00f1alando que muchas veces se la identifica con \u201ctener, consumir, dar una vuelta y traerse algo m\u00e1s\u201d, para preguntarse con sencillez: \u201c\u00bfesa es la felicidad? \u00bfSeguro?\u201d. Y propuso el camino del Evangelio, donde Jes\u00fas \u201cno tiene nada m\u00e1s que su coraz\u00f3n lleno de amor y da la vida por sus ovejas\u201d.<\/p>\n\n\n\n<p>La celebraci\u00f3n concluy\u00f3 con una invitaci\u00f3n directa a la respuesta personal: decirle que s\u00ed al Se\u00f1or, \u201cquiero seguirte, dejo todo y te sigo\u201d. Y, retomando el salmo, record\u00f3 que si \u201cel Se\u00f1or es mi pastor, nada me puede faltar\u201d.<\/p>\n\n\n\n<figure class=\"wp-block-image size-large\"><img loading=\"lazy\" width=\"1024\" height=\"768\" src=\"https:\/\/www.obispado-mdp.org.ar\/a\/wp-content\/uploads\/2026\/04\/Portadas-web-24-1024x768.png\" alt=\"\" class=\"wp-image-49351\"\/><\/figure>\n\n\n\n<figure class=\"wp-block-image size-large\"><img loading=\"lazy\" width=\"819\" height=\"1024\" src=\"https:\/\/www.obispado-mdp.org.ar\/a\/wp-content\/uploads\/2026\/04\/Beige-Neutro-Foto-Moderno-Arredamento-Instagram-Post-6-819x1024.png\" alt=\"\" class=\"wp-image-49339\"\/><\/figure>\n\n\n\n<figure class=\"wp-block-image size-large\"><img loading=\"lazy\" width=\"819\" height=\"1024\" src=\"https:\/\/www.obispado-mdp.org.ar\/a\/wp-content\/uploads\/2026\/04\/Beige-Neutro-Foto-Moderno-Arredamento-Instagram-Post-14-819x1024.png\" alt=\"\" class=\"wp-image-49347\"\/><\/figure>\n\n\n\n<figure class=\"wp-block-image size-large\"><img loading=\"lazy\" width=\"819\" height=\"1024\" src=\"https:\/\/www.obispado-mdp.org.ar\/a\/wp-content\/uploads\/2026\/04\/Beige-Neutro-Foto-Moderno-Arredamento-Instagram-Post-819x1024.png\" alt=\"\" class=\"wp-image-49341\"\/><\/figure>\n\n\n\n<figure class=\"wp-block-image size-large\"><img loading=\"lazy\" width=\"819\" height=\"1024\" src=\"https:\/\/www.obispado-mdp.org.ar\/a\/wp-content\/uploads\/2026\/04\/Beige-Neutro-Foto-Moderno-Arredamento-Instagram-Post-16-819x1024.png\" alt=\"\" class=\"wp-image-49342\"\/><\/figure>\n\n\n\n<p><\/p>\n\n\n\n<figure class=\"wp-block-image size-large\"><img loading=\"lazy\" width=\"819\" height=\"1024\" src=\"https:\/\/www.obispado-mdp.org.ar\/a\/wp-content\/uploads\/2026\/04\/Beige-Neutro-Foto-Moderno-Arredamento-Instagram-Post-12-819x1024.png\" alt=\"\" class=\"wp-image-49343\"\/><\/figure>\n\n\n\n<figure class=\"wp-block-image size-large\"><img loading=\"lazy\" width=\"819\" height=\"1024\" src=\"https:\/\/www.obispado-mdp.org.ar\/a\/wp-content\/uploads\/2026\/04\/Beige-Neutro-Foto-Moderno-Arredamento-Instagram-Post-7-819x1024.png\" alt=\"\" class=\"wp-image-49344\"\/><\/figure>\n\n\n\n<figure class=\"wp-block-image size-large\"><img loading=\"lazy\" width=\"819\" height=\"1024\" src=\"https:\/\/www.obispado-mdp.org.ar\/a\/wp-content\/uploads\/2026\/04\/Beige-Neutro-Foto-Moderno-Arredamento-Instagram-Post-8-819x1024.png\" alt=\"\" class=\"wp-image-49345\"\/><\/figure>\n\n\n\n<figure class=\"wp-block-image size-large\"><img loading=\"lazy\" width=\"819\" height=\"1024\" src=\"https:\/\/www.obispado-mdp.org.ar\/a\/wp-content\/uploads\/2026\/04\/Beige-Neutro-Foto-Moderno-Arredamento-Instagram-Post-4-819x1024.png\" alt=\"\" class=\"wp-image-49346\"\/><\/figure>\n\n\n\n<figure class=\"wp-block-image\"><img alt=\"\"\/><\/figure>\n","protected":false},"excerpt":{"rendered":"<p>Con una fuerte participaci\u00f3n juvenil y un clima de alegr\u00eda y oraci\u00f3n, la di\u00f3cesis de Mar del Plata vivi\u00f3 la Jornada del Buen Pastor en el Colegio Don Orione, que culmin\u00f3 con la celebraci\u00f3n de la Misa en la parroquia San Jos\u00e9. La propuesta, organizada por la Pastoral Vocacional, reuni\u00f3 a cerca de 200 adolescentes [&hellip;]<\/p>\n","protected":false},"author":4,"featured_media":0,"comment_status":"open","ping_status":"open","sticky":false,"template":"","format":"standard","meta":{"_et_pb_use_builder":"","_et_pb_old_content":"","_et_gb_content_width":""},"categories":[4],"tags":[],"aioseo_notices":[],"_links":{"self":[{"href":"https:\/\/www.obispado-mdp.org.ar\/a\/wp-json\/wp\/v2\/posts\/49338"}],"collection":[{"href":"https:\/\/www.obispado-mdp.org.ar\/a\/wp-json\/wp\/v2\/posts"}],"about":[{"href":"https:\/\/www.obispado-mdp.org.ar\/a\/wp-json\/wp\/v2\/types\/post"}],"author":[{"embeddable":true,"href":"https:\/\/www.obispado-mdp.org.ar\/a\/wp-json\/wp\/v2\/users\/4"}],"replies":[{"embeddable":true,"href":"https:\/\/www.obispado-mdp.org.ar\/a\/wp-json\/wp\/v2\/comments?post=49338"}],"version-history":[{"count":2,"href":"https:\/\/www.obispado-mdp.org.ar\/a\/wp-json\/wp\/v2\/posts\/49338\/revisions"}],"predecessor-version":[{"id":49352,"href":"https:\/\/www.obispado-mdp.org.ar\/a\/wp-json\/wp\/v2\/posts\/49338\/revisions\/49352"}],"wp:attachment":[{"href":"https:\/\/www.obispado-mdp.org.ar\/a\/wp-json\/wp\/v2\/media?parent=49338"}],"wp:term":[{"taxonomy":"category","embeddable":true,"href":"https:\/\/www.obispado-mdp.org.ar\/a\/wp-json\/wp\/v2\/categories?post=49338"},{"taxonomy":"post_tag","embeddable":true,"href":"https:\/\/www.obispado-mdp.org.ar\/a\/wp-json\/wp\/v2\/tags?post=49338"}],"curies":[{"name":"wp","href":"https:\/\/api.w.org\/{rel}","templated":true}]}}