{"id":49483,"date":"2026-05-02T10:44:09","date_gmt":"2026-05-02T13:44:09","guid":{"rendered":"https:\/\/www.obispado-mdp.org.ar\/a\/?p=49483"},"modified":"2026-05-02T10:44:10","modified_gmt":"2026-05-02T13:44:10","slug":"en-la-misa-por-el-dia-del-trabajo-monsenor-giobando-llamo-a-reconstruir-la-amistad-social","status":"publish","type":"post","link":"https:\/\/www.obispado-mdp.org.ar\/a\/en-la-misa-por-el-dia-del-trabajo-monsenor-giobando-llamo-a-reconstruir-la-amistad-social\/","title":{"rendered":"En la Misa por el D\u00eda del Trabajo, monse\u00f1or Giobando llam\u00f3 a reconstruir la amistad social"},"content":{"rendered":"\n<p>En la ma\u00f1ana del 1\u00b0 de mayo, en la Catedral de Mar del Plata, se celebr\u00f3 la Santa Misa por el D\u00eda del Trabajo, presidida por monse\u00f1or Ernesto Giobando. La celebraci\u00f3n fue organizada por la Pastoral Social de la di\u00f3cesis y cont\u00f3 con la presencia de representantes de diversos \u00e1mbitos del trabajo y de la vida p\u00fablica: la CGT, la UCIP, el Parque Industrial, la Sociedad Rural, movimientos sociales, concejales y otras entidades de la comunidad marplatense.<\/p>\n\n\n\n<p>En su homil\u00eda, el Obispo parti\u00f3 de la Palabra de Dios proclamada, recordando la exhortaci\u00f3n de san Pablo: \u201ch\u00e1ganlo de todo coraz\u00f3n, teniendo en cuenta que es para el Se\u00f1or y no para los hombres\u201d. Desde all\u00ed, propuso a quienes tienen trabajo que al vestir el uniforme o la ropa de trabajo se pongan tambi\u00e9n el \u201c\u2018overol amor y buscar la amistad social\u201d.<\/p>\n\n\n\n<p>Retomando una de las claves del magisterio del papa Francisco, monse\u00f1or Giobando subray\u00f3 que la \u201camistad social\u201d es hoy un camino imprescindible para atravesar \u201ceste momento cr\u00edtico que estamos viviendo como sociedad\u201d, marcado por \u201cla falta de trabajo, la incertidumbre en aquellos que lo tienen y la desilusi\u00f3n de tantos j\u00f3venes que ven frustrados sus sue\u00f1os\u201d. En ese sentido, afirm\u00f3 que la amistad social implica \u201cencuentro\u201d, y por lo tanto, la b\u00fasqueda del bien com\u00fan, \u201cno el bienestar de una minor\u00eda, sino el de la inmensa mayor\u00eda que quiere vivir en paz, con trabajo digno, justo\u201d.<\/p>\n\n\n\n<p>Al enumerar situaciones concretas que forman parte del d\u00eda a d\u00eda de tantos trabajadores, resonaron expresiones como: \u201cVivo de changas\u201d, \u201cme las arreglo como puedo\u201d, \u201cla jubilaci\u00f3n no alcanza, tengo que salir a trabajar\u201d, \u201cestoy suspendido\u201d, \u201cme deben varios meses\u201d. Frente a esta realidad, alent\u00f3 a que la amistad social \u201csea el paradigma de una nueva realidad laboral\u201d, donde las leyes y decisiones prioricen \u201cla dignidad de las personas, de los que ofrecen trabajo y de los que trabajan\u201d, tendiendo puentes y promoviendo el di\u00e1logo y la unidad por encima de los intereses particulares.<\/p>\n\n\n\n<p>En esa misma l\u00ednea, invit\u00f3 a una reflexi\u00f3n de fondo sobre el sentido del trabajo y de la vida social: \u201cSi el dinero y el lucro es lo \u00fanico que se privilegia, \u00bfpara qu\u00e9 estamos ac\u00e1?\u201d. Y, retomando la Palabra escuchada, se\u00f1al\u00f3 que estamos llamados a \u201cponer el coraz\u00f3n en el trabajo\u201d, reconociendo que \u201csolamente el trabajo es lo que nos da dignidad\u201d. Sin embargo, precis\u00f3 con claridad: \u201cno se vive para trabajar, sino que se trabaja para vivir\u201d, recordando que el trabajo es el medio para \u201cllevar el pan de cada d\u00eda a la mesa de la familia\u201d.<\/p>\n\n\n\n<p>Al referirse al Evangelio \u2014\u201c\u00bfNo es \u00e9ste el hijo del carpintero?\u201d\u2014, destac\u00f3 el valor de la historia familiar y del trabajo transmitido de generaci\u00f3n en generaci\u00f3n: \u201cqu\u00e9 lindo es escuchar \u2018conozco a tu pap\u00e1, a tu mam\u00e1, qu\u00e9 buena gente que son\u2019; qu\u00e9 orgullo decir \u2018es la empresa de mi viejo\u2019, \u2018gracias a mi mam\u00e1 pudimos salir adelante\u2019\u201d. En esas expresiones, afirm\u00f3, se va tejiendo \u201cla urdimbre de un trabajo solidario, profesional, artesanal, pol\u00edtico, educativo, pero siempre digno\u201d. No dej\u00f3 de mencionar tambi\u00e9n el momento dif\u00edcil que atraviesan muchos empleadores: \u201cqu\u00e9 duro para un empresario o el due\u00f1o de un negocio tener que decirles a sus empleados que ya no hay trabajo\u201d.<\/p>\n\n\n\n<p>En otro tramo de la homil\u00eda, el obispo comparti\u00f3 palabras de la carta enviada por el papa Le\u00f3n XIV a los empresarios argentinos, en la que se destaca la figura del Siervo de Dios Enrique Shaw: \u201cEnrique promovi\u00f3 salarios justos, impuls\u00f3 programas de formaci\u00f3n, se preocup\u00f3 por la salud de los obreros y acompa\u00f1\u00f3 a sus familias. No conceb\u00eda la rentabilidad como un absoluto\u201d. Y record\u00f3 la ense\u00f1anza de la Rerum Novarum: \u201cno considerar a los obreros como esclavos; respetar en ellos la dignidad de la persona\u201d. En esa l\u00ednea, remarc\u00f3 otra afirmaci\u00f3n central: \u201cen el centro de cualquier din\u00e1mica laboral no deben situarse ni el capital, ni las leyes del mercado, ni el beneficio, sino la persona, la familia y su bien\u201d.<\/p>\n\n\n\n<p>Hacia el final, monse\u00f1or Giobando convoc\u00f3 a toda la sociedad marplatense \u201ca dar lugar a la posibilidad de pensar y llevar a la pr\u00e1ctica una pol\u00edtica laboral donde el pensamiento cristiano sea la base de una garant\u00eda de derechos y obligaciones: esto se llama justicia social\u201d.<\/p>\n\n\n\n<figure class=\"wp-block-image size-large is-resized\"><img loading=\"lazy\" src=\"https:\/\/www.obispado-mdp.org.ar\/a\/wp-content\/uploads\/2026\/05\/WhatsApp-Image-2026-05-01-at-1.55.17-PM-768x1024.jpeg\" alt=\"\" class=\"wp-image-49487\" width=\"829\" height=\"1105\"\/><\/figure>\n\n\n\n<p>La celebraci\u00f3n concluy\u00f3 con una oraci\u00f3n confiada a san Jos\u00e9 obrero, modelo del trabajo cotidiano: \u201cnos ense\u00f1a la consoladora y a veces ardua tarea de poner las manos en el trabajo\u201d. El obispo evoc\u00f3 sus manos de carpintero, \u201ccon las cicatrices propias del oficio\u201d, como anticipo de las llagas de Cristo, recordando que \u201ctoda obra buena que uno realiza deja sus huellas en el bien de los dem\u00e1s\u201d.<\/p>\n\n\n\n<figure class=\"wp-block-image size-large\"><img loading=\"lazy\" width=\"1024\" height=\"768\" src=\"https:\/\/www.obispado-mdp.org.ar\/a\/wp-content\/uploads\/2026\/05\/WhatsApp-Image-2026-05-01-at-1.55.36-PM-1024x768.jpeg\" alt=\"\" class=\"wp-image-49484\"\/><\/figure>\n\n\n\n<figure class=\"wp-block-image size-large is-resized\"><img loading=\"lazy\" src=\"https:\/\/www.obispado-mdp.org.ar\/a\/wp-content\/uploads\/2026\/05\/WhatsApp-Image-2026-05-01-at-1.55.20-PM-1-768x1024.jpeg\" alt=\"\" class=\"wp-image-49485\" width=\"823\" height=\"1097\"\/><\/figure>\n\n\n\n<figure class=\"wp-block-image size-large\"><img loading=\"lazy\" width=\"1024\" height=\"768\" src=\"https:\/\/www.obispado-mdp.org.ar\/a\/wp-content\/uploads\/2026\/05\/WhatsApp-Image-2026-05-01-at-1.55.20-PM-1024x768.jpeg\" alt=\"\" class=\"wp-image-49486\"\/><\/figure>\n\n\n\n<figure class=\"wp-block-image size-large is-resized\"><img loading=\"lazy\" src=\"https:\/\/www.obispado-mdp.org.ar\/a\/wp-content\/uploads\/2026\/05\/WhatsApp-Image-2026-05-01-at-1.55.18-PM-768x1024.jpeg\" alt=\"\" class=\"wp-image-49488\" width=\"822\" height=\"1096\"\/><\/figure>\n","protected":false},"excerpt":{"rendered":"<p>En la ma\u00f1ana del 1\u00b0 de mayo, en la Catedral de Mar del Plata, se celebr\u00f3 la Santa Misa por el D\u00eda del Trabajo, presidida por monse\u00f1or Ernesto Giobando. La celebraci\u00f3n fue organizada por la Pastoral Social de la di\u00f3cesis y cont\u00f3 con la presencia de representantes de diversos \u00e1mbitos del trabajo y de la [&hellip;]<\/p>\n","protected":false},"author":4,"featured_media":0,"comment_status":"open","ping_status":"open","sticky":false,"template":"","format":"standard","meta":{"_et_pb_use_builder":"","_et_pb_old_content":"","_et_gb_content_width":""},"categories":[4],"tags":[],"aioseo_notices":[],"_links":{"self":[{"href":"https:\/\/www.obispado-mdp.org.ar\/a\/wp-json\/wp\/v2\/posts\/49483"}],"collection":[{"href":"https:\/\/www.obispado-mdp.org.ar\/a\/wp-json\/wp\/v2\/posts"}],"about":[{"href":"https:\/\/www.obispado-mdp.org.ar\/a\/wp-json\/wp\/v2\/types\/post"}],"author":[{"embeddable":true,"href":"https:\/\/www.obispado-mdp.org.ar\/a\/wp-json\/wp\/v2\/users\/4"}],"replies":[{"embeddable":true,"href":"https:\/\/www.obispado-mdp.org.ar\/a\/wp-json\/wp\/v2\/comments?post=49483"}],"version-history":[{"count":1,"href":"https:\/\/www.obispado-mdp.org.ar\/a\/wp-json\/wp\/v2\/posts\/49483\/revisions"}],"predecessor-version":[{"id":49489,"href":"https:\/\/www.obispado-mdp.org.ar\/a\/wp-json\/wp\/v2\/posts\/49483\/revisions\/49489"}],"wp:attachment":[{"href":"https:\/\/www.obispado-mdp.org.ar\/a\/wp-json\/wp\/v2\/media?parent=49483"}],"wp:term":[{"taxonomy":"category","embeddable":true,"href":"https:\/\/www.obispado-mdp.org.ar\/a\/wp-json\/wp\/v2\/categories?post=49483"},{"taxonomy":"post_tag","embeddable":true,"href":"https:\/\/www.obispado-mdp.org.ar\/a\/wp-json\/wp\/v2\/tags?post=49483"}],"curies":[{"name":"wp","href":"https:\/\/api.w.org\/{rel}","templated":true}]}}