{"id":50250,"date":"2026-08-30T20:29:32","date_gmt":"2026-08-30T23:29:32","guid":{"rendered":"https:\/\/www.obispado-mdp.org.ar\/a\/?p=50250"},"modified":"2026-08-30T20:32:12","modified_gmt":"2026-08-30T23:32:12","slug":"fallecio-el-pbro-hugo-segovia","status":"publish","type":"post","link":"https:\/\/www.obispado-mdp.org.ar\/a\/fallecio-el-pbro-hugo-segovia\/","title":{"rendered":"Falleci\u00f3 el Pbro. Hugo Segovia"},"content":{"rendered":"\n<p>La Di\u00f3cesis de Mar del Plata comunica con pesar el fallecimiento del Pbro. Hugo Segovia, sacerdote de extensa y fecunda trayectoria ministerial.<\/p>\n\n\n\n<p>Sus restos ser\u00e1n velados este lunes 31 de agosto, en el Hogar Garc\u00eda Landera de Necochea.<\/p>\n\n\n\n<p>El martes 1 de septiembre, a las 10.00, se celebrar\u00e1 la Misa Exequial, tras la cual se realizar\u00e1 la cremaci\u00f3n de sus restos.<\/p>\n\n\n\n<p>Elevamos nuestras oraciones por su eterno descanso y damos gracias a Dios por el don de su vida y su ministerio sacerdotal.<\/p>\n\n\n\n<figure class=\"wp-block-image size-large\"><img loading=\"lazy\" width=\"1024\" height=\"768\" src=\"https:\/\/www.obispado-mdp.org.ar\/a\/wp-content\/uploads\/2026\/08\/Portadas-web-44-1-1024x768.png\" alt=\"\" class=\"wp-image-50251\"\/><\/figure>\n","protected":false},"excerpt":{"rendered":"<p>La Di\u00f3cesis de Mar del Plata comunica con pesar el fallecimiento del Pbro. Hugo Segovia, sacerdote de extensa y fecunda trayectoria ministerial. Sus restos ser\u00e1n velados este lunes 31 de agosto, en el Hogar Garc\u00eda Landera de Necochea. El martes 1 de septiembre, a las 10.00, se celebrar\u00e1 la Misa Exequial, tras la cual se [&hellip;]<\/p>\n","protected":false},"author":4,"featured_media":0,"comment_status":"open","ping_status":"open","sticky":false,"template":"","format":"standard","meta":{"_et_pb_use_builder":"","_et_pb_old_content":"","_et_gb_content_width":""},"categories":[4],"tags":[],"aioseo_notices":[],"_links":{"self":[{"href":"https:\/\/www.obispado-mdp.org.ar\/a\/wp-json\/wp\/v2\/posts\/50250"}],"collection":[{"href":"https:\/\/www.obispado-mdp.org.ar\/a\/wp-json\/wp\/v2\/posts"}],"about":[{"href":"https:\/\/www.obispado-mdp.org.ar\/a\/wp-json\/wp\/v2\/types\/post"}],"author":[{"embeddable":true,"href":"https:\/\/www.obispado-mdp.org.ar\/a\/wp-json\/wp\/v2\/users\/4"}],"replies":[{"embeddable":true,"href":"https:\/\/www.obispado-mdp.org.ar\/a\/wp-json\/wp\/v2\/comments?post=50250"}],"version-history":[{"count":2,"href":"https:\/\/www.obispado-mdp.org.ar\/a\/wp-json\/wp\/v2\/posts\/50250\/revisions"}],"predecessor-version":[{"id":50253,"href":"https:\/\/www.obispado-mdp.org.ar\/a\/wp-json\/wp\/v2\/posts\/50250\/revisions\/50253"}],"wp:attachment":[{"href":"https:\/\/www.obispado-mdp.org.ar\/a\/wp-json\/wp\/v2\/media?parent=50250"}],"wp:term":[{"taxonomy":"category","embeddable":true,"href":"https:\/\/www.obispado-mdp.org.ar\/a\/wp-json\/wp\/v2\/categories?post=50250"},{"taxonomy":"post_tag","embeddable":true,"href":"https:\/\/www.obispado-mdp.org.ar\/a\/wp-json\/wp\/v2\/tags?post=50250"}],"curies":[{"name":"wp","href":"https:\/\/api.w.org\/{rel}","templated":true}]}}